{"id":62496,"date":"2025-11-15T08:12:00","date_gmt":"2025-11-15T07:12:00","guid":{"rendered":"https:\/\/wisla.skoczow.pl\/?p=62496"},"modified":"2025-11-15T22:13:31","modified_gmt":"2025-11-15T21:13:31","slug":"miedzynarodowy-dzien-trenera-pilkarskiego","status":"publish","type":"post","link":"http:\/\/wisla.skoczow.pl\/?p=62496","title":{"rendered":"Mi\u0119dzynarodowy Dzie\u0144 Trenera Pi\u0142karskiego!"},"content":{"rendered":"\n<p><a><\/a>\u017byczymy wszystkim naszym szkoleniowcom wielu sukces\u00f3w w pracy z podopiecznymi, rado\u015bci i pociechy z wychowank\u00f3w, a ka\u017cdego dnia nowej energii i inspiracji do pracy<img loading=\"lazy\" decoding=\"async\" height=\"16\" width=\"16\" alt=\"\u203c\ufe0f\" src=\"https:\/\/static.xx.fbcdn.net\/images\/emoji.php\/v9\/t77\/1\/16\/203c.png\"><\/p>\n\n\n\n<p>DZI\u0118KUJEMY za zaanga\u017cowanie, po\u015bwi\u0119cenie i wytrwa\u0142o\u015b\u0107 w pracy z dzie\u0107mi i m\u0142odzie\u017c\u0105!<img loading=\"lazy\" decoding=\"async\" height=\"16\" width=\"16\" alt=\"\u203c\ufe0f\" src=\"https:\/\/static.xx.fbcdn.net\/images\/emoji.php\/v9\/t77\/1\/16\/203c.png\"><\/p>\n\n\n\n<p>DZI\u0118KUJEMY, \u017ce jeste\u015bcie z nami<img loading=\"lazy\" decoding=\"async\" height=\"16\" width=\"16\" alt=\"\ud83d\udc99\" src=\"https:\/\/static.xx.fbcdn.net\/images\/emoji.php\/v9\/t6c\/1\/16\/1f499.png\"><img loading=\"lazy\" decoding=\"async\" height=\"16\" width=\"16\" alt=\"\u2764\ufe0f\" src=\"https:\/\/static.xx.fbcdn.net\/images\/emoji.php\/v9\/t6c\/1\/16\/2764.png\"><img loading=\"lazy\" decoding=\"async\" height=\"16\" width=\"16\" alt=\"\ud83d\udc9b\" src=\"https:\/\/static.xx.fbcdn.net\/images\/emoji.php\/v9\/t15\/1\/16\/1f49b.png\"><img loading=\"lazy\" decoding=\"async\" height=\"16\" width=\"16\" alt=\"\u203c\ufe0f\" src=\"https:\/\/static.xx.fbcdn.net\/images\/emoji.php\/v9\/t77\/1\/16\/203c.png\"><\/p>\n\n\n\n<p><img loading=\"lazy\" decoding=\"async\" height=\"16\" width=\"16\" alt=\"\u26bd\ufe0f\" src=\"https:\/\/static.xx.fbcdn.net\/images\/emoji.php\/v9\/taf\/1\/16\/26bd.png\">Klaudia Bogacka <img loading=\"lazy\" decoding=\"async\" height=\"16\" width=\"16\" alt=\"\ud83e\udee1\" src=\"https:\/\/static.xx.fbcdn.net\/images\/emoji.php\/v9\/t25\/1\/16\/1fae1.png\"> U16 \/ U18<\/p>\n\n\n\n<p><img loading=\"lazy\" decoding=\"async\" height=\"16\" width=\"16\" alt=\"\u26bd\ufe0f\" src=\"https:\/\/static.xx.fbcdn.net\/images\/emoji.php\/v9\/taf\/1\/16\/26bd.png\">Sonia Gustowska <img loading=\"lazy\" decoding=\"async\" height=\"16\" width=\"16\" alt=\"\ud83e\udee1\" src=\"https:\/\/static.xx.fbcdn.net\/images\/emoji.php\/v9\/t25\/1\/16\/1fae1.png\"> U13 \/ 1 Liga Futsalu Kobiet<\/p>\n\n\n\n<p><img loading=\"lazy\" decoding=\"async\" height=\"16\" width=\"16\" alt=\"\u26bd\ufe0f\" src=\"https:\/\/static.xx.fbcdn.net\/images\/emoji.php\/v9\/taf\/1\/16\/26bd.png\">Mariusz Kurzok <img loading=\"lazy\" decoding=\"async\" height=\"16\" width=\"16\" alt=\"\ud83e\udee1\" src=\"https:\/\/static.xx.fbcdn.net\/images\/emoji.php\/v9\/t25\/1\/16\/1fae1.png\"> Bramkarki<\/p>\n\n\n\n<p><img loading=\"lazy\" decoding=\"async\" height=\"16\" width=\"16\" alt=\"\u26bd\ufe0f\" src=\"https:\/\/static.xx.fbcdn.net\/images\/emoji.php\/v9\/taf\/1\/16\/26bd.png\">Nikola Skurzok <img loading=\"lazy\" decoding=\"async\" height=\"16\" width=\"16\" alt=\"\ud83e\udee1\" src=\"https:\/\/static.xx.fbcdn.net\/images\/emoji.php\/v9\/t25\/1\/16\/1fae1.png\"> U11<\/p>\n\n\n\n<p><img loading=\"lazy\" decoding=\"async\" height=\"16\" width=\"16\" alt=\"\u26bd\ufe0f\" src=\"https:\/\/static.xx.fbcdn.net\/images\/emoji.php\/v9\/taf\/1\/16\/26bd.png\">Karolina Stanna <img loading=\"lazy\" decoding=\"async\" height=\"16\" width=\"16\" alt=\"\ud83e\udee1\" src=\"https:\/\/static.xx.fbcdn.net\/images\/emoji.php\/v9\/t25\/1\/16\/1fae1.png\"> U7<\/p>\n\n\n\n<p><img loading=\"lazy\" decoding=\"async\" height=\"16\" width=\"16\" alt=\"\u26bd\ufe0f\" src=\"https:\/\/static.xx.fbcdn.net\/images\/emoji.php\/v9\/taf\/1\/16\/26bd.png\">Krzysztof Zuber <img loading=\"lazy\" decoding=\"async\" height=\"16\" width=\"16\" alt=\"\ud83e\udee1\" src=\"https:\/\/static.xx.fbcdn.net\/images\/emoji.php\/v9\/t25\/1\/16\/1fae1.png\"> IV Liga Kobiet<\/p>\n\n\n\n<p><\/p>\n","protected":false},"excerpt":{"rendered":"<p>\u017byczymy wszystkim naszym szkoleniowcom wielu sukces\u00f3w w pracy z podopiecznymi, rado\u015bci i pociechy z wychowank\u00f3w, a ka\u017cdego dnia nowej energii i inspiracji do pracy DZI\u0118KUJEMY za zaanga\u017cowanie, po\u015bwi\u0119cenie i wytrwa\u0142o\u015b\u0107 w pracy z dzie\u0107mi i m\u0142odzie\u017c\u0105! DZI\u0118KUJEMY, \u017ce jeste\u015bcie z nami Klaudia Bogacka U16 \/ U18 Sonia Gustowska U13 \/ 1 Liga Futsalu Kobiet Mariusz [&hellip;]<\/p>\n","protected":false},"author":1,"featured_media":62497,"comment_status":"closed","ping_status":"","sticky":false,"template":"","format":"standard","meta":{"ngg_post_thumbnail":0,"footnotes":""},"categories":[4,55],"tags":[],"class_list":["post-62496","post","type-post","status-publish","format-standard","has-post-thumbnail","hentry","category-news","category-pilkarki"],"featured_image_url":{"thumbnail":"http:\/\/wisla.skoczow.pl\/wp-content\/uploads\/2025\/11\/582684492_1436696648460864_114341514363266066_n-150x150.jpg","medium":"http:\/\/wisla.skoczow.pl\/wp-content\/uploads\/2025\/11\/582684492_1436696648460864_114341514363266066_n-300x251.jpg","medium_large":"http:\/\/wisla.skoczow.pl\/wp-content\/uploads\/2025\/11\/582684492_1436696648460864_114341514363266066_n.jpg","large":"http:\/\/wisla.skoczow.pl\/wp-content\/uploads\/2025\/11\/582684492_1436696648460864_114341514363266066_n.jpg","1536x1536":"http:\/\/wisla.skoczow.pl\/wp-content\/uploads\/2025\/11\/582684492_1436696648460864_114341514363266066_n.jpg","2048x2048":"http:\/\/wisla.skoczow.pl\/wp-content\/uploads\/2025\/11\/582684492_1436696648460864_114341514363266066_n.jpg","sportspress-crop-medium":"http:\/\/wisla.skoczow.pl\/wp-content\/uploads\/2025\/11\/582684492_1436696648460864_114341514363266066_n-300x300.jpg","sportspress-fit-medium":"http:\/\/wisla.skoczow.pl\/wp-content\/uploads\/2025\/11\/582684492_1436696648460864_114341514363266066_n-300x251.jpg","sportspress-fit-icon":"http:\/\/wisla.skoczow.pl\/wp-content\/uploads\/2025\/11\/582684492_1436696648460864_114341514363266066_n-128x107.jpg","sportspress-fit-mini":"http:\/\/wisla.skoczow.pl\/wp-content\/uploads\/2025\/11\/582684492_1436696648460864_114341514363266066_n-32x27.jpg"},"post_author":"admin","assigned_categories":"Aktualno\u015bci, Pi\u0142karki","_links":{"self":[{"href":"http:\/\/wisla.skoczow.pl\/index.php?rest_route=\/wp\/v2\/posts\/62496","targetHints":{"allow":["GET"]}}],"collection":[{"href":"http:\/\/wisla.skoczow.pl\/index.php?rest_route=\/wp\/v2\/posts"}],"about":[{"href":"http:\/\/wisla.skoczow.pl\/index.php?rest_route=\/wp\/v2\/types\/post"}],"author":[{"embeddable":true,"href":"http:\/\/wisla.skoczow.pl\/index.php?rest_route=\/wp\/v2\/users\/1"}],"replies":[{"embeddable":true,"href":"http:\/\/wisla.skoczow.pl\/index.php?rest_route=%2Fwp%2Fv2%2Fcomments&post=62496"}],"version-history":[{"count":1,"href":"http:\/\/wisla.skoczow.pl\/index.php?rest_route=\/wp\/v2\/posts\/62496\/revisions"}],"predecessor-version":[{"id":62498,"href":"http:\/\/wisla.skoczow.pl\/index.php?rest_route=\/wp\/v2\/posts\/62496\/revisions\/62498"}],"wp:featuredmedia":[{"embeddable":true,"href":"http:\/\/wisla.skoczow.pl\/index.php?rest_route=\/wp\/v2\/media\/62497"}],"wp:attachment":[{"href":"http:\/\/wisla.skoczow.pl\/index.php?rest_route=%2Fwp%2Fv2%2Fmedia&parent=62496"}],"wp:term":[{"taxonomy":"category","embeddable":true,"href":"http:\/\/wisla.skoczow.pl\/index.php?rest_route=%2Fwp%2Fv2%2Fcategories&post=62496"},{"taxonomy":"post_tag","embeddable":true,"href":"http:\/\/wisla.skoczow.pl\/index.php?rest_route=%2Fwp%2Fv2%2Ftags&post=62496"}],"curies":[{"name":"wp","href":"https:\/\/api.w.org\/{rel}","templated":true}]}}