{"id":62503,"date":"2025-11-10T22:26:59","date_gmt":"2025-11-10T21:26:59","guid":{"rendered":"https:\/\/wisla.skoczow.pl\/?p=62503"},"modified":"2025-11-15T22:29:58","modified_gmt":"2025-11-15T21:29:58","slug":"1-liga-futsalu-kobiet-zory","status":"publish","type":"post","link":"http:\/\/wisla.skoczow.pl\/?p=62503","title":{"rendered":"1 LIGA FUTSALU KOBIET \u2013 \u017bory"},"content":{"rendered":"\n<p>Przysz\u0142o si\u0119 nam zmierzy\u0107 z beniaminkiem&#8230; kt\u00f3ry w zasadzie beniaminkiem nie by\u0142. W sk\u0142adzie przyjezdnych znalaz\u0142y si\u0119 zawodniczki, kt\u00f3re reprezentowa\u0142y barwy zwyci\u0119skiej ekipy zesz\u0142ego sezonu 2024\/2025 MTS Knur\u00f3w. Zawodniczki bardzo do\u015bwiadczone w rozgrywkach, gra\u0142y o awans do ekstraligi w bara\u017cach. Pierwsz\u0105 po\u0142ow\u0119 zagrali\u015bmy bardzo dobrze &#8211; bronili\u015bmy si\u0119 i zdobyli\u015bmy dwie bramki. Niestety do tego spotkania przyst\u0119powali\u015bmy w okrojonym sk\u0142adzie oraz z kontuzjami. Taki stan rzeczy &#8222;wyp\u0142aci\u0142&#8221; nas w drugiej po\u0142owie. Gdzie jeszcze kontuzj\u0119 odnios\u0142a nasza bramkarka&#8230;. to nie mog\u0142o sko\u0144czy\u0107 si\u0119 inaczej jak strat\u0105 bramek. Mimo wszystko przyjmujemy pora\u017ck\u0119 i zabieramy si\u0119 do pracy. Rewan\u017c to ju\u017c b\u0119dzie inny sk\u0142ad i inne przygotowanie. <\/p>\n\n\n\n<p>KKS Wis\u0142a Skocz\u00f3w &#8211; UKS AP \u017bory 2:12 (5:2)<\/p>\n\n\n\n<center><iframe loading=\"lazy\" width=\"560\" height=\"315\" src=\"https:\/\/www.youtube.com\/embed\/EpNzZXiOdao?si=55X0EXF71mHQbhp0\" title=\"YouTube video player\" frameborder=\"0\" allow=\"accelerometer; autoplay; clipboard-write; encrypted-media; gyroscope; picture-in-picture; web-share\" referrerpolicy=\"strict-origin-when-cross-origin\" allowfullscreen><\/iframe><\/center>\n\n\n\n<p><\/p>\n","protected":false},"excerpt":{"rendered":"<p>Przysz\u0142o si\u0119 nam zmierzy\u0107 z beniaminkiem&#8230; kt\u00f3ry w zasadzie beniaminkiem nie by\u0142. W sk\u0142adzie przyjezdnych znalaz\u0142y si\u0119 zawodniczki, kt\u00f3re reprezentowa\u0142y barwy zwyci\u0119skiej ekipy zesz\u0142ego sezonu 2024\/2025 MTS Knur\u00f3w. Zawodniczki bardzo do\u015bwiadczone w rozgrywkach, gra\u0142y o awans do ekstraligi w bara\u017cach. Pierwsz\u0105 po\u0142ow\u0119 zagrali\u015bmy bardzo dobrze &#8211; bronili\u015bmy si\u0119 i zdobyli\u015bmy dwie bramki. Niestety do tego [&hellip;]<\/p>\n","protected":false},"author":1,"featured_media":62506,"comment_status":"closed","ping_status":"closed","sticky":false,"template":"","format":"standard","meta":{"ngg_post_thumbnail":0,"footnotes":""},"categories":[4,55],"tags":[],"class_list":["post-62503","post","type-post","status-publish","format-standard","has-post-thumbnail","hentry","category-news","category-pilkarki"],"featured_image_url":{"thumbnail":"http:\/\/wisla.skoczow.pl\/wp-content\/uploads\/2025\/11\/Zdjecie-WhatsApp-2025-11-15-o-22.28.52_aab8f1b9-150x150.jpg","medium":"http:\/\/wisla.skoczow.pl\/wp-content\/uploads\/2025\/11\/Zdjecie-WhatsApp-2025-11-15-o-22.28.52_aab8f1b9-300x225.jpg","medium_large":"http:\/\/wisla.skoczow.pl\/wp-content\/uploads\/2025\/11\/Zdjecie-WhatsApp-2025-11-15-o-22.28.52_aab8f1b9-768x576.jpg","large":"http:\/\/wisla.skoczow.pl\/wp-content\/uploads\/2025\/11\/Zdjecie-WhatsApp-2025-11-15-o-22.28.52_aab8f1b9-1024x768.jpg","1536x1536":"http:\/\/wisla.skoczow.pl\/wp-content\/uploads\/2025\/11\/Zdjecie-WhatsApp-2025-11-15-o-22.28.52_aab8f1b9-1536x1152.jpg","2048x2048":"http:\/\/wisla.skoczow.pl\/wp-content\/uploads\/2025\/11\/Zdjecie-WhatsApp-2025-11-15-o-22.28.52_aab8f1b9.jpg","sportspress-crop-medium":"http:\/\/wisla.skoczow.pl\/wp-content\/uploads\/2025\/11\/Zdjecie-WhatsApp-2025-11-15-o-22.28.52_aab8f1b9-300x300.jpg","sportspress-fit-medium":"http:\/\/wisla.skoczow.pl\/wp-content\/uploads\/2025\/11\/Zdjecie-WhatsApp-2025-11-15-o-22.28.52_aab8f1b9-300x225.jpg","sportspress-fit-icon":"http:\/\/wisla.skoczow.pl\/wp-content\/uploads\/2025\/11\/Zdjecie-WhatsApp-2025-11-15-o-22.28.52_aab8f1b9-128x96.jpg","sportspress-fit-mini":"http:\/\/wisla.skoczow.pl\/wp-content\/uploads\/2025\/11\/Zdjecie-WhatsApp-2025-11-15-o-22.28.52_aab8f1b9-32x24.jpg"},"post_author":"admin","assigned_categories":"Aktualno\u015bci, Pi\u0142karki","_links":{"self":[{"href":"http:\/\/wisla.skoczow.pl\/index.php?rest_route=\/wp\/v2\/posts\/62503","targetHints":{"allow":["GET"]}}],"collection":[{"href":"http:\/\/wisla.skoczow.pl\/index.php?rest_route=\/wp\/v2\/posts"}],"about":[{"href":"http:\/\/wisla.skoczow.pl\/index.php?rest_route=\/wp\/v2\/types\/post"}],"author":[{"embeddable":true,"href":"http:\/\/wisla.skoczow.pl\/index.php?rest_route=\/wp\/v2\/users\/1"}],"replies":[{"embeddable":true,"href":"http:\/\/wisla.skoczow.pl\/index.php?rest_route=%2Fwp%2Fv2%2Fcomments&post=62503"}],"version-history":[{"count":2,"href":"http:\/\/wisla.skoczow.pl\/index.php?rest_route=\/wp\/v2\/posts\/62503\/revisions"}],"predecessor-version":[{"id":62505,"href":"http:\/\/wisla.skoczow.pl\/index.php?rest_route=\/wp\/v2\/posts\/62503\/revisions\/62505"}],"wp:featuredmedia":[{"embeddable":true,"href":"http:\/\/wisla.skoczow.pl\/index.php?rest_route=\/wp\/v2\/media\/62506"}],"wp:attachment":[{"href":"http:\/\/wisla.skoczow.pl\/index.php?rest_route=%2Fwp%2Fv2%2Fmedia&parent=62503"}],"wp:term":[{"taxonomy":"category","embeddable":true,"href":"http:\/\/wisla.skoczow.pl\/index.php?rest_route=%2Fwp%2Fv2%2Fcategories&post=62503"},{"taxonomy":"post_tag","embeddable":true,"href":"http:\/\/wisla.skoczow.pl\/index.php?rest_route=%2Fwp%2Fv2%2Ftags&post=62503"}],"curies":[{"name":"wp","href":"https:\/\/api.w.org\/{rel}","templated":true}]}}