{"id":63102,"date":"2025-11-26T15:39:21","date_gmt":"2025-11-26T14:39:21","guid":{"rendered":"https:\/\/wisla.skoczow.pl\/?p=63102"},"modified":"2026-01-01T16:29:01","modified_gmt":"2026-01-01T15:29:01","slug":"1-liga-futsalu-kobiet-5-kolejka","status":"publish","type":"post","link":"http:\/\/wisla.skoczow.pl\/?p=63102","title":{"rendered":"1 LIGA FUTSALU KOBIET \u2013 5 kolejka!"},"content":{"rendered":"\n<p>Podejmujemy w Cieszynie rywalki z Wroc\u0142awia! Przeciwniczki aspiruj\u0105 w tym sezonie do awansu. Zapowiada si\u0119 ciekawa walka.<\/p>\n\n\n\n<figure class=\"wp-block-image aligncenter size-large is-resized\"><a href=\"https:\/\/wisla.skoczow.pl\/wp-content\/uploads\/2026\/01\/Yellow-Dark-Gray-Modern-Football-Matchday-Instagram-Post-2.png\"><img loading=\"lazy\" decoding=\"async\" width=\"1024\" height=\"1024\" src=\"https:\/\/wisla.skoczow.pl\/wp-content\/uploads\/2026\/01\/Yellow-Dark-Gray-Modern-Football-Matchday-Instagram-Post-2-1024x1024.png\" alt=\"\" class=\"wp-image-63103\" style=\"width:812px;height:auto\" srcset=\"http:\/\/wisla.skoczow.pl\/wp-content\/uploads\/2026\/01\/Yellow-Dark-Gray-Modern-Football-Matchday-Instagram-Post-2-1024x1024.png 1024w, http:\/\/wisla.skoczow.pl\/wp-content\/uploads\/2026\/01\/Yellow-Dark-Gray-Modern-Football-Matchday-Instagram-Post-2-300x300.png 300w, http:\/\/wisla.skoczow.pl\/wp-content\/uploads\/2026\/01\/Yellow-Dark-Gray-Modern-Football-Matchday-Instagram-Post-2-150x150.png 150w, http:\/\/wisla.skoczow.pl\/wp-content\/uploads\/2026\/01\/Yellow-Dark-Gray-Modern-Football-Matchday-Instagram-Post-2-768x768.png 768w, http:\/\/wisla.skoczow.pl\/wp-content\/uploads\/2026\/01\/Yellow-Dark-Gray-Modern-Football-Matchday-Instagram-Post-2-128x128.png 128w, http:\/\/wisla.skoczow.pl\/wp-content\/uploads\/2026\/01\/Yellow-Dark-Gray-Modern-Football-Matchday-Instagram-Post-2-32x32.png 32w, http:\/\/wisla.skoczow.pl\/wp-content\/uploads\/2026\/01\/Yellow-Dark-Gray-Modern-Football-Matchday-Instagram-Post-2.png 1080w\" sizes=\"auto, (max-width: 1024px) 100vw, 1024px\" \/><\/a><\/figure>\n","protected":false},"excerpt":{"rendered":"<p>Podejmujemy w Cieszynie rywalki z Wroc\u0142awia! Przeciwniczki aspiruj\u0105 w tym sezonie do awansu. Zapowiada si\u0119 ciekawa walka.<\/p>\n","protected":false},"author":1,"featured_media":56585,"comment_status":"closed","ping_status":"closed","sticky":false,"template":"","format":"standard","meta":{"ngg_post_thumbnail":0,"footnotes":""},"categories":[4,55],"tags":[],"class_list":["post-63102","post","type-post","status-publish","format-standard","has-post-thumbnail","hentry","category-news","category-pilkarki"],"featured_image_url":{"thumbnail":"http:\/\/wisla.skoczow.pl\/wp-content\/uploads\/2025\/02\/futsal-topka-terminarz-150x150.jpg","medium":"http:\/\/wisla.skoczow.pl\/wp-content\/uploads\/2025\/02\/futsal-topka-terminarz-300x176.jpg","medium_large":"http:\/\/wisla.skoczow.pl\/wp-content\/uploads\/2025\/02\/futsal-topka-terminarz.jpg","large":"http:\/\/wisla.skoczow.pl\/wp-content\/uploads\/2025\/02\/futsal-topka-terminarz.jpg","1536x1536":"http:\/\/wisla.skoczow.pl\/wp-content\/uploads\/2025\/02\/futsal-topka-terminarz.jpg","2048x2048":"http:\/\/wisla.skoczow.pl\/wp-content\/uploads\/2025\/02\/futsal-topka-terminarz.jpg","sportspress-crop-medium":"http:\/\/wisla.skoczow.pl\/wp-content\/uploads\/2025\/02\/futsal-topka-terminarz-300x264.jpg","sportspress-fit-medium":"http:\/\/wisla.skoczow.pl\/wp-content\/uploads\/2025\/02\/futsal-topka-terminarz-300x176.jpg","sportspress-fit-icon":"http:\/\/wisla.skoczow.pl\/wp-content\/uploads\/2025\/02\/futsal-topka-terminarz-128x75.jpg","sportspress-fit-mini":"http:\/\/wisla.skoczow.pl\/wp-content\/uploads\/2025\/02\/futsal-topka-terminarz-32x19.jpg"},"post_author":"admin","assigned_categories":"Aktualno\u015bci, Pi\u0142karki","_links":{"self":[{"href":"http:\/\/wisla.skoczow.pl\/index.php?rest_route=\/wp\/v2\/posts\/63102","targetHints":{"allow":["GET"]}}],"collection":[{"href":"http:\/\/wisla.skoczow.pl\/index.php?rest_route=\/wp\/v2\/posts"}],"about":[{"href":"http:\/\/wisla.skoczow.pl\/index.php?rest_route=\/wp\/v2\/types\/post"}],"author":[{"embeddable":true,"href":"http:\/\/wisla.skoczow.pl\/index.php?rest_route=\/wp\/v2\/users\/1"}],"replies":[{"embeddable":true,"href":"http:\/\/wisla.skoczow.pl\/index.php?rest_route=%2Fwp%2Fv2%2Fcomments&post=63102"}],"version-history":[{"count":2,"href":"http:\/\/wisla.skoczow.pl\/index.php?rest_route=\/wp\/v2\/posts\/63102\/revisions"}],"predecessor-version":[{"id":63152,"href":"http:\/\/wisla.skoczow.pl\/index.php?rest_route=\/wp\/v2\/posts\/63102\/revisions\/63152"}],"wp:featuredmedia":[{"embeddable":true,"href":"http:\/\/wisla.skoczow.pl\/index.php?rest_route=\/wp\/v2\/media\/56585"}],"wp:attachment":[{"href":"http:\/\/wisla.skoczow.pl\/index.php?rest_route=%2Fwp%2Fv2%2Fmedia&parent=63102"}],"wp:term":[{"taxonomy":"category","embeddable":true,"href":"http:\/\/wisla.skoczow.pl\/index.php?rest_route=%2Fwp%2Fv2%2Fcategories&post=63102"},{"taxonomy":"post_tag","embeddable":true,"href":"http:\/\/wisla.skoczow.pl\/index.php?rest_route=%2Fwp%2Fv2%2Ftags&post=63102"}],"curies":[{"name":"wp","href":"https:\/\/api.w.org\/{rel}","templated":true}]}}