{"id":63674,"date":"2026-04-23T15:01:11","date_gmt":"2026-04-23T14:01:11","guid":{"rendered":"https:\/\/wisla.skoczow.pl\/?p=63674"},"modified":"2026-04-24T15:04:39","modified_gmt":"2026-04-24T14:04:39","slug":"25-04-2026","status":"publish","type":"post","link":"http:\/\/wisla.skoczow.pl\/?p=63674","title":{"rendered":"25-26.04.2026"},"content":{"rendered":"\n<p>M\u0142odziczki pauzuj\u0105 przed rund\u0105 fina\u0142ow\u0105, swoje najbli\u017csze spotkanie rozegraj\u0105 w weekend 9\/10 maja. Orliczki w swoim pierwszym wiosennym domowym spotkaniu podejmowa\u0107 b\u0119d\u0105 zesp\u00f3\u0142 Paista Gliwice &#8211; zapraszamy kibic\u00f3w do wspierania dziewcz\u0105t na boisku w Wi\u015blicy. Juniorki M\u0142odsze rusz\u0105 na spotkanie wyjazdowe do Wo\u017anik &#8211; trzymamy kciuki za trzy punkty!<\/p>\n\n\n\n<figure class=\"wp-block-gallery has-nested-images columns-default is-cropped wp-block-gallery-1 is-layout-flex wp-block-gallery-is-layout-flex\">\n<figure class=\"wp-block-image size-large\"><a href=\"https:\/\/wisla.skoczow.pl\/wp-content\/uploads\/2026\/04\/Kopia-\u2013-Kopia-\u2013-White-Green-Orange-Modern-Abstract-Brush-Football-Match-Day-Instagram-Post3.png\"><img loading=\"lazy\" decoding=\"async\" width=\"1024\" height=\"1024\" data-id=\"63676\" src=\"https:\/\/wisla.skoczow.pl\/wp-content\/uploads\/2026\/04\/Kopia-\u2013-Kopia-\u2013-White-Green-Orange-Modern-Abstract-Brush-Football-Match-Day-Instagram-Post3-1024x1024.png\" alt=\"\" class=\"wp-image-63676\" srcset=\"http:\/\/wisla.skoczow.pl\/wp-content\/uploads\/2026\/04\/Kopia-\u2013-Kopia-\u2013-White-Green-Orange-Modern-Abstract-Brush-Football-Match-Day-Instagram-Post3-1024x1024.png 1024w, http:\/\/wisla.skoczow.pl\/wp-content\/uploads\/2026\/04\/Kopia-\u2013-Kopia-\u2013-White-Green-Orange-Modern-Abstract-Brush-Football-Match-Day-Instagram-Post3-300x300.png 300w, http:\/\/wisla.skoczow.pl\/wp-content\/uploads\/2026\/04\/Kopia-\u2013-Kopia-\u2013-White-Green-Orange-Modern-Abstract-Brush-Football-Match-Day-Instagram-Post3-150x150.png 150w, http:\/\/wisla.skoczow.pl\/wp-content\/uploads\/2026\/04\/Kopia-\u2013-Kopia-\u2013-White-Green-Orange-Modern-Abstract-Brush-Football-Match-Day-Instagram-Post3-768x768.png 768w, http:\/\/wisla.skoczow.pl\/wp-content\/uploads\/2026\/04\/Kopia-\u2013-Kopia-\u2013-White-Green-Orange-Modern-Abstract-Brush-Football-Match-Day-Instagram-Post3-128x128.png 128w, http:\/\/wisla.skoczow.pl\/wp-content\/uploads\/2026\/04\/Kopia-\u2013-Kopia-\u2013-White-Green-Orange-Modern-Abstract-Brush-Football-Match-Day-Instagram-Post3-32x32.png 32w, http:\/\/wisla.skoczow.pl\/wp-content\/uploads\/2026\/04\/Kopia-\u2013-Kopia-\u2013-White-Green-Orange-Modern-Abstract-Brush-Football-Match-Day-Instagram-Post3.png 1080w\" sizes=\"auto, (max-width: 1024px) 100vw, 1024px\" \/><\/a><\/figure>\n\n\n\n<figure class=\"wp-block-image size-large\"><a href=\"https:\/\/wisla.skoczow.pl\/wp-content\/uploads\/2026\/04\/White-Green-Orange-Modern-Abstract-Brush-Football-Match-Day-Instagram-Post3.png\"><img loading=\"lazy\" decoding=\"async\" width=\"1024\" height=\"1024\" data-id=\"63675\" src=\"https:\/\/wisla.skoczow.pl\/wp-content\/uploads\/2026\/04\/White-Green-Orange-Modern-Abstract-Brush-Football-Match-Day-Instagram-Post3-1024x1024.png\" alt=\"\" class=\"wp-image-63675\" srcset=\"http:\/\/wisla.skoczow.pl\/wp-content\/uploads\/2026\/04\/White-Green-Orange-Modern-Abstract-Brush-Football-Match-Day-Instagram-Post3-1024x1024.png 1024w, http:\/\/wisla.skoczow.pl\/wp-content\/uploads\/2026\/04\/White-Green-Orange-Modern-Abstract-Brush-Football-Match-Day-Instagram-Post3-300x300.png 300w, http:\/\/wisla.skoczow.pl\/wp-content\/uploads\/2026\/04\/White-Green-Orange-Modern-Abstract-Brush-Football-Match-Day-Instagram-Post3-150x150.png 150w, http:\/\/wisla.skoczow.pl\/wp-content\/uploads\/2026\/04\/White-Green-Orange-Modern-Abstract-Brush-Football-Match-Day-Instagram-Post3-768x768.png 768w, http:\/\/wisla.skoczow.pl\/wp-content\/uploads\/2026\/04\/White-Green-Orange-Modern-Abstract-Brush-Football-Match-Day-Instagram-Post3-128x128.png 128w, http:\/\/wisla.skoczow.pl\/wp-content\/uploads\/2026\/04\/White-Green-Orange-Modern-Abstract-Brush-Football-Match-Day-Instagram-Post3-32x32.png 32w, http:\/\/wisla.skoczow.pl\/wp-content\/uploads\/2026\/04\/White-Green-Orange-Modern-Abstract-Brush-Football-Match-Day-Instagram-Post3.png 1080w\" sizes=\"auto, (max-width: 1024px) 100vw, 1024px\" \/><\/a><\/figure>\n<\/figure>\n","protected":false},"excerpt":{"rendered":"<p>M\u0142odziczki pauzuj\u0105 przed rund\u0105 fina\u0142ow\u0105, swoje najbli\u017csze spotkanie rozegraj\u0105 w weekend 9\/10 maja. Orliczki w swoim pierwszym wiosennym domowym spotkaniu podejmowa\u0107 b\u0119d\u0105 zesp\u00f3\u0142 Paista Gliwice &#8211; zapraszamy kibic\u00f3w do wspierania dziewcz\u0105t na boisku w Wi\u015blicy. Juniorki M\u0142odsze rusz\u0105 na spotkanie wyjazdowe do Wo\u017anik &#8211; trzymamy kciuki za trzy punkty!<\/p>\n","protected":false},"author":1,"featured_media":63421,"comment_status":"closed","ping_status":"","sticky":false,"template":"","format":"standard","meta":{"ngg_post_thumbnail":0,"footnotes":""},"categories":[4,55],"tags":[],"class_list":["post-63674","post","type-post","status-publish","format-standard","has-post-thumbnail","hentry","category-news","category-pilkarki"],"featured_image_url":{"thumbnail":"http:\/\/wisla.skoczow.pl\/wp-content\/uploads\/2026\/03\/SLASKA-LIGA-150x150.png","medium":"http:\/\/wisla.skoczow.pl\/wp-content\/uploads\/2026\/03\/SLASKA-LIGA-300x150.png","medium_large":"http:\/\/wisla.skoczow.pl\/wp-content\/uploads\/2026\/03\/SLASKA-LIGA-768x384.png","large":"http:\/\/wisla.skoczow.pl\/wp-content\/uploads\/2026\/03\/SLASKA-LIGA-1024x512.png","1536x1536":"http:\/\/wisla.skoczow.pl\/wp-content\/uploads\/2026\/03\/SLASKA-LIGA-1536x768.png","2048x2048":"http:\/\/wisla.skoczow.pl\/wp-content\/uploads\/2026\/03\/SLASKA-LIGA-2048x1024.png","sportspress-crop-medium":"http:\/\/wisla.skoczow.pl\/wp-content\/uploads\/2026\/03\/SLASKA-LIGA-300x300.png","sportspress-fit-medium":"http:\/\/wisla.skoczow.pl\/wp-content\/uploads\/2026\/03\/SLASKA-LIGA-300x150.png","sportspress-fit-icon":"http:\/\/wisla.skoczow.pl\/wp-content\/uploads\/2026\/03\/SLASKA-LIGA-128x64.png","sportspress-fit-mini":"http:\/\/wisla.skoczow.pl\/wp-content\/uploads\/2026\/03\/SLASKA-LIGA-32x16.png"},"post_author":"admin","assigned_categories":"Aktualno\u015bci, Pi\u0142karki","_links":{"self":[{"href":"http:\/\/wisla.skoczow.pl\/index.php?rest_route=\/wp\/v2\/posts\/63674","targetHints":{"allow":["GET"]}}],"collection":[{"href":"http:\/\/wisla.skoczow.pl\/index.php?rest_route=\/wp\/v2\/posts"}],"about":[{"href":"http:\/\/wisla.skoczow.pl\/index.php?rest_route=\/wp\/v2\/types\/post"}],"author":[{"embeddable":true,"href":"http:\/\/wisla.skoczow.pl\/index.php?rest_route=\/wp\/v2\/users\/1"}],"replies":[{"embeddable":true,"href":"http:\/\/wisla.skoczow.pl\/index.php?rest_route=%2Fwp%2Fv2%2Fcomments&post=63674"}],"version-history":[{"count":5,"href":"http:\/\/wisla.skoczow.pl\/index.php?rest_route=\/wp\/v2\/posts\/63674\/revisions"}],"predecessor-version":[{"id":63681,"href":"http:\/\/wisla.skoczow.pl\/index.php?rest_route=\/wp\/v2\/posts\/63674\/revisions\/63681"}],"wp:featuredmedia":[{"embeddable":true,"href":"http:\/\/wisla.skoczow.pl\/index.php?rest_route=\/wp\/v2\/media\/63421"}],"wp:attachment":[{"href":"http:\/\/wisla.skoczow.pl\/index.php?rest_route=%2Fwp%2Fv2%2Fmedia&parent=63674"}],"wp:term":[{"taxonomy":"category","embeddable":true,"href":"http:\/\/wisla.skoczow.pl\/index.php?rest_route=%2Fwp%2Fv2%2Fcategories&post=63674"},{"taxonomy":"post_tag","embeddable":true,"href":"http:\/\/wisla.skoczow.pl\/index.php?rest_route=%2Fwp%2Fv2%2Ftags&post=63674"}],"curies":[{"name":"wp","href":"https:\/\/api.w.org\/{rel}","templated":true}]}}