{"id":65623,"date":"2026-08-27T15:21:32","date_gmt":"2026-08-27T14:21:32","guid":{"rendered":"https:\/\/wisla.skoczow.pl\/?p=65623"},"modified":"2026-08-27T15:22:14","modified_gmt":"2026-08-27T14:22:14","slug":"karolina-w-kadrze-slaskiego-zpn-u13","status":"publish","type":"post","link":"http:\/\/wisla.skoczow.pl\/?p=65623","title":{"rendered":"Karolina w kadrze \u015al\u0105skiego ZPN U13!"},"content":{"rendered":"\n<p class=\"wp-block-paragraph\">W\u00a0nowym sezonie 2026\/27 reprezentacj\u0119 U13 dziewcz\u0105t stanowi\u0107 b\u0119d\u0105 zawodniczki urodzone w\u00a0roku 2014 i\u00a0m\u0142odsze. Jej formowaniem zajm\u0105 si\u0119 nowe trenerki \u2013 Gabriela Kuczy\u0144ska i\u00a0Wiktoria Barczyk, kt\u00f3re na konsultacje 03.09.2026 (czwartek), w\u00a0\u015awi\u0119toch\u0142owicach powo\u0142a\u0142y a\u017c 79 zawodniczek z wojew\u00f3dztwa \u015bl\u0105skiego, w\u015br\u00f3d nich znalaz\u0142a si\u0119 nasza &#8222;Wise\u0142ka&#8221; &#8211;<strong> Karolina Czy\u017c<\/strong>! <br>Gratulujemy!<\/p>\n\n\n\n<p class=\"wp-block-paragraph\"><\/p>\n","protected":false},"excerpt":{"rendered":"<p>W\u00a0nowym sezonie 2026\/27 reprezentacj\u0119 U13 dziewcz\u0105t stanowi\u0107 b\u0119d\u0105 zawodniczki urodzone w\u00a0roku 2014 i\u00a0m\u0142odsze. Jej formowaniem zajm\u0105 si\u0119 nowe trenerki \u2013 Gabriela Kuczy\u0144ska i\u00a0Wiktoria Barczyk, kt\u00f3re na konsultacje 03.09.2026 (czwartek), w\u00a0\u015awi\u0119toch\u0142owicach powo\u0142a\u0142y a\u017c 79 zawodniczek z wojew\u00f3dztwa \u015bl\u0105skiego, w\u015br\u00f3d nich znalaz\u0142a si\u0119 nasza &#8222;Wise\u0142ka&#8221; &#8211; Karolina Czy\u017c! Gratulujemy!<\/p>\n","protected":false},"author":1,"featured_media":65624,"comment_status":"closed","ping_status":"closed","sticky":false,"template":"","format":"standard","meta":{"ngg_post_thumbnail":0,"footnotes":""},"categories":[4,55],"tags":[],"class_list":["post-65623","post","type-post","status-publish","format-standard","has-post-thumbnail","hentry","category-news","category-pilkarki"],"featured_image_url":{"thumbnail":"http:\/\/wisla.skoczow.pl\/wp-content\/uploads\/2026\/08\/powolania-150x150.jpg","medium":"http:\/\/wisla.skoczow.pl\/wp-content\/uploads\/2026\/08\/powolania-178x300.jpg","medium_large":"http:\/\/wisla.skoczow.pl\/wp-content\/uploads\/2026\/08\/powolania.jpg","large":"http:\/\/wisla.skoczow.pl\/wp-content\/uploads\/2026\/08\/powolania.jpg","1536x1536":"http:\/\/wisla.skoczow.pl\/wp-content\/uploads\/2026\/08\/powolania.jpg","2048x2048":"http:\/\/wisla.skoczow.pl\/wp-content\/uploads\/2026\/08\/powolania.jpg","sportspress-crop-medium":"http:\/\/wisla.skoczow.pl\/wp-content\/uploads\/2026\/08\/powolania-300x300.jpg","sportspress-fit-medium":"http:\/\/wisla.skoczow.pl\/wp-content\/uploads\/2026\/08\/powolania-178x300.jpg","sportspress-fit-icon":"http:\/\/wisla.skoczow.pl\/wp-content\/uploads\/2026\/08\/powolania-76x128.jpg","sportspress-fit-mini":"http:\/\/wisla.skoczow.pl\/wp-content\/uploads\/2026\/08\/powolania-19x32.jpg"},"post_author":"admin","assigned_categories":"Aktualno\u015bci, Pi\u0142karki","_links":{"self":[{"href":"http:\/\/wisla.skoczow.pl\/index.php?rest_route=\/wp\/v2\/posts\/65623","targetHints":{"allow":["GET"]}}],"collection":[{"href":"http:\/\/wisla.skoczow.pl\/index.php?rest_route=\/wp\/v2\/posts"}],"about":[{"href":"http:\/\/wisla.skoczow.pl\/index.php?rest_route=\/wp\/v2\/types\/post"}],"author":[{"embeddable":true,"href":"http:\/\/wisla.skoczow.pl\/index.php?rest_route=\/wp\/v2\/users\/1"}],"replies":[{"embeddable":true,"href":"http:\/\/wisla.skoczow.pl\/index.php?rest_route=%2Fwp%2Fv2%2Fcomments&post=65623"}],"version-history":[{"count":1,"href":"http:\/\/wisla.skoczow.pl\/index.php?rest_route=\/wp\/v2\/posts\/65623\/revisions"}],"predecessor-version":[{"id":65633,"href":"http:\/\/wisla.skoczow.pl\/index.php?rest_route=\/wp\/v2\/posts\/65623\/revisions\/65633"}],"wp:featuredmedia":[{"embeddable":true,"href":"http:\/\/wisla.skoczow.pl\/index.php?rest_route=\/wp\/v2\/media\/65624"}],"wp:attachment":[{"href":"http:\/\/wisla.skoczow.pl\/index.php?rest_route=%2Fwp%2Fv2%2Fmedia&parent=65623"}],"wp:term":[{"taxonomy":"category","embeddable":true,"href":"http:\/\/wisla.skoczow.pl\/index.php?rest_route=%2Fwp%2Fv2%2Fcategories&post=65623"},{"taxonomy":"post_tag","embeddable":true,"href":"http:\/\/wisla.skoczow.pl\/index.php?rest_route=%2Fwp%2Fv2%2Ftags&post=65623"}],"curies":[{"name":"wp","href":"https:\/\/api.w.org\/{rel}","templated":true}]}}