{"id":65634,"date":"2026-08-26T15:23:37","date_gmt":"2026-08-26T14:23:37","guid":{"rendered":"https:\/\/wisla.skoczow.pl\/?p=65634"},"modified":"2026-09-02T09:29:07","modified_gmt":"2026-09-02T08:29:07","slug":"puchar-rzeki-wisly-2026","status":"publish","type":"post","link":"http:\/\/wisla.skoczow.pl\/?p=65634","title":{"rendered":"PUCHAR RZEKI WIS\u0141Y 2026"},"content":{"rendered":"\n<p class=\"wp-block-paragraph\">Czternasta edycja mi\u0119dzynarodowego turnieju odby\u0142a si\u0119 w niedziele 23 sierpnia 2026 na boisku w SOSiR w Skoczowie przy ul. Sportowej 6. Pi\u0119kna s\u0142oneczna pogoda dopisa\u0142a. Uroczyste otwarcie nast\u0105pi\u0142o o godz. 15:30 przez Prezesa klubu Andrzeja Fajera. Turniej by\u0142 bardzo wyr\u00f3wnany. Wygrywa\u0142 ten, kto pope\u0142ni\u0142 najmniej b\u0142\u0119d\u00f3w. Udzia\u0142 wzi\u0119\u0142o 5 zespo\u0142\u00f3w &#8211; KKS Wis\u0142a Skocz\u00f3w, TS Mitech \u017bywiec, TS Mitech II \u017bywiec, LKS RIO Pielgrzymowice oraz SWD Wodzis\u0142aw \u015al\u0105ski.<\/p>\n\n\n\n<p class=\"wp-block-paragraph\">Organizatorzy w trakcie trwania zmaga\u0144 zapewnili uczestnikom zimne napoje, a tak\u017ce ciep\u0142y posi\u0142ek.&nbsp;Dziewcz\u0119ta rozgrywa\u0142y spotkania w systemie ka\u017cdy z ka\u017cdym w czasie 2\u00d712 min. To pozwoli\u0142o wykluczy\u0107 przypadek i sprawiedliwie wy\u0142oni\u0107 najlepszy zesp\u00f3\u0142.<\/p>\n\n\n\n<p class=\"wp-block-paragraph\">Zesp\u00f3\u0142 s\u0119dziowski z ramienia \u015alZPN zapewni\u0142 uczciw\u0105 walk\u0119 fair play<strong>.<\/strong><\/p>\n\n\n\n<p class=\"wp-block-paragraph\">Zwyci\u0119zc\u0105 tegorocznego turnieju zosta\u0142 <strong>TS Mitech \u017bywiec<\/strong>. Drugie miejsce zaj\u0119\u0142y <strong>SWD Wodzis\u0142aw \u015al\u0105ski<\/strong>, a trzecie <strong>LKS RIO Pielgrzymowice<\/strong>. Najlepsz\u0105 bramkark\u0105 zosta\u0142a <strong>Anna Muras (KKS Wis\u0142a Skocz\u00f3w)<\/strong>. Najlepsz\u0105 pi\u0142kark\u0105 \u2013 <strong>Natalia Szczotka (TS Mitech \u017bywiec)<\/strong>, a najskuteczniejsz\u0105 \u2013 z najwi\u0119ksz\u0105 liczb\u0105 strzelonych bramek \u2013 <strong>Agnieszka O\u015bliz\u0142o (SWD Wodzis\u0142aw \u015al\u0105ski)<\/strong>.<\/p>\n\n\n\n<p class=\"wp-block-paragraph\">Pierwszym trzem zespo\u0142om przyznano puchary, medale oraz dyplomy. Zawodniczki otrzyma\u0142y r\u00f3wnie\u017c nagrody indywidualne \u2013 statuetka i dyplom.<\/p>\n\n\n\n<p class=\"wp-block-paragraph\">Puchary i dyplomy wr\u0119cza\u0142 prezes Klubu \u2013 <strong>Andrzej Fajer<\/strong>, za\u015b medale wr\u0119cza\u0142a trener koordynator KKS-u\u2013 <strong>Sonia Gustowska<\/strong>.<\/p>\n\n\n\n<p class=\"wp-block-paragraph\">Dzi\u0119kujemy wszystkim wsp\u00f3\u0142organizatorom, Skoczowskiego O\u015brodku Sportu i Rekreacji, sponsorom oraz rodzicom naszych zawodniczek za pomoc w organizacji imprezy.<\/p>\n\n\n\n<p class=\"wp-block-paragraph\">Dzi\u0119kujemy r\u00f3wnie\u017c wszystkim zawodniczkom, trenerom i opiekunom za uczestnictwo w turnieju.<br>Gratulujemy zwyci\u0119zcom i zapraszamy za rok na XV edycj\u0119.<\/p>\n\n\n\n<p class=\"wp-block-paragraph\">Zapraszamy do obszernej fotorelacji w galerii. Zdj\u0119cia autorstwa Bartosza Stasickiego -> <a href=\"http:\/\/wisla.skoczow.pl\/index.php\/nggallery\/album\/puchar-rzeki-wisly-2026?page_id=345\">LINK<\/a><\/p>\n\n\n\n<p class=\"wp-block-paragraph\">Zadanie zosta\u0142o dofinansowane ze \u015brodk\u00f3w bud\u017cetu Gminy Skocz\u00f3w w ramach konkursu dotacyjnego na rok 2026.<\/p>\n\n\n\n<figure class=\"wp-block-image aligncenter size-large\"><a href=\"https:\/\/wisla.skoczow.pl\/wp-content\/uploads\/2026\/08\/KKS-scaled.jpg\"><img loading=\"lazy\" decoding=\"async\" width=\"1024\" height=\"681\" src=\"https:\/\/wisla.skoczow.pl\/wp-content\/uploads\/2026\/08\/KKS-1024x681.jpg\" alt=\"\" class=\"wp-image-65638\" srcset=\"http:\/\/wisla.skoczow.pl\/wp-content\/uploads\/2026\/08\/KKS-1024x681.jpg 1024w, http:\/\/wisla.skoczow.pl\/wp-content\/uploads\/2026\/08\/KKS-300x200.jpg 300w, http:\/\/wisla.skoczow.pl\/wp-content\/uploads\/2026\/08\/KKS-768x511.jpg 768w, http:\/\/wisla.skoczow.pl\/wp-content\/uploads\/2026\/08\/KKS-1536x1022.jpg 1536w, http:\/\/wisla.skoczow.pl\/wp-content\/uploads\/2026\/08\/KKS-2048x1362.jpg 2048w, http:\/\/wisla.skoczow.pl\/wp-content\/uploads\/2026\/08\/KKS-128x85.jpg 128w, http:\/\/wisla.skoczow.pl\/wp-content\/uploads\/2026\/08\/KKS-32x21.jpg 32w\" sizes=\"auto, (max-width: 1024px) 100vw, 1024px\" \/><\/a><figcaption class=\"wp-element-caption\">KKS Wis\u0142a Skocz\u00f3w<\/figcaption><\/figure>\n\n\n\n<figure class=\"wp-block-image aligncenter size-large\"><a href=\"https:\/\/wisla.skoczow.pl\/wp-content\/uploads\/2026\/08\/Zywiec-scaled.jpg\"><img loading=\"lazy\" decoding=\"async\" width=\"1024\" height=\"681\" src=\"https:\/\/wisla.skoczow.pl\/wp-content\/uploads\/2026\/08\/Zywiec-1024x681.jpg\" alt=\"\" class=\"wp-image-65639\" srcset=\"http:\/\/wisla.skoczow.pl\/wp-content\/uploads\/2026\/08\/Zywiec-1024x681.jpg 1024w, http:\/\/wisla.skoczow.pl\/wp-content\/uploads\/2026\/08\/Zywiec-300x200.jpg 300w, http:\/\/wisla.skoczow.pl\/wp-content\/uploads\/2026\/08\/Zywiec-768x511.jpg 768w, http:\/\/wisla.skoczow.pl\/wp-content\/uploads\/2026\/08\/Zywiec-1536x1022.jpg 1536w, http:\/\/wisla.skoczow.pl\/wp-content\/uploads\/2026\/08\/Zywiec-2048x1362.jpg 2048w, http:\/\/wisla.skoczow.pl\/wp-content\/uploads\/2026\/08\/Zywiec-128x85.jpg 128w, http:\/\/wisla.skoczow.pl\/wp-content\/uploads\/2026\/08\/Zywiec-32x21.jpg 32w\" sizes=\"auto, (max-width: 1024px) 100vw, 1024px\" \/><\/a><figcaption class=\"wp-element-caption\">TS Mitech \u017bywiec I i II<\/figcaption><\/figure>\n\n\n\n<figure class=\"wp-block-image aligncenter size-large\"><a href=\"https:\/\/wisla.skoczow.pl\/wp-content\/uploads\/2026\/08\/Pielgrzymowice-scaled.jpg\"><img loading=\"lazy\" decoding=\"async\" width=\"1024\" height=\"681\" src=\"https:\/\/wisla.skoczow.pl\/wp-content\/uploads\/2026\/08\/Pielgrzymowice-1024x681.jpg\" alt=\"\" class=\"wp-image-65640\" srcset=\"http:\/\/wisla.skoczow.pl\/wp-content\/uploads\/2026\/08\/Pielgrzymowice-1024x681.jpg 1024w, http:\/\/wisla.skoczow.pl\/wp-content\/uploads\/2026\/08\/Pielgrzymowice-300x200.jpg 300w, http:\/\/wisla.skoczow.pl\/wp-content\/uploads\/2026\/08\/Pielgrzymowice-768x511.jpg 768w, http:\/\/wisla.skoczow.pl\/wp-content\/uploads\/2026\/08\/Pielgrzymowice-1536x1022.jpg 1536w, http:\/\/wisla.skoczow.pl\/wp-content\/uploads\/2026\/08\/Pielgrzymowice-2048x1362.jpg 2048w, http:\/\/wisla.skoczow.pl\/wp-content\/uploads\/2026\/08\/Pielgrzymowice-128x85.jpg 128w, http:\/\/wisla.skoczow.pl\/wp-content\/uploads\/2026\/08\/Pielgrzymowice-32x21.jpg 32w\" sizes=\"auto, (max-width: 1024px) 100vw, 1024px\" \/><\/a><figcaption class=\"wp-element-caption\">UKS RIO Pielgrzymowice<\/figcaption><\/figure>\n\n\n\n<figure class=\"wp-block-image aligncenter size-large\"><a href=\"https:\/\/wisla.skoczow.pl\/wp-content\/uploads\/2026\/08\/SWD-scaled.jpg\"><img loading=\"lazy\" decoding=\"async\" width=\"1024\" height=\"681\" src=\"https:\/\/wisla.skoczow.pl\/wp-content\/uploads\/2026\/08\/SWD-1024x681.jpg\" alt=\"\" class=\"wp-image-65641\" srcset=\"http:\/\/wisla.skoczow.pl\/wp-content\/uploads\/2026\/08\/SWD-1024x681.jpg 1024w, http:\/\/wisla.skoczow.pl\/wp-content\/uploads\/2026\/08\/SWD-300x200.jpg 300w, http:\/\/wisla.skoczow.pl\/wp-content\/uploads\/2026\/08\/SWD-768x511.jpg 768w, http:\/\/wisla.skoczow.pl\/wp-content\/uploads\/2026\/08\/SWD-1536x1022.jpg 1536w, http:\/\/wisla.skoczow.pl\/wp-content\/uploads\/2026\/08\/SWD-2048x1362.jpg 2048w, http:\/\/wisla.skoczow.pl\/wp-content\/uploads\/2026\/08\/SWD-128x85.jpg 128w, http:\/\/wisla.skoczow.pl\/wp-content\/uploads\/2026\/08\/SWD-32x21.jpg 32w\" sizes=\"auto, (max-width: 1024px) 100vw, 1024px\" \/><\/a><figcaption class=\"wp-element-caption\">SWD Wodzis\u0142aw \u015al\u0105ski<\/figcaption><\/figure>\n\n\n\n<figure class=\"wp-block-gallery has-nested-images columns-default is-cropped wp-block-gallery-1 is-layout-flex wp-block-gallery-is-layout-flex\">\n<figure class=\"wp-block-image size-large\"><a href=\"https:\/\/wisla.skoczow.pl\/wp-content\/uploads\/2026\/08\/naj-zaw-scaled.jpg\"><img loading=\"lazy\" decoding=\"async\" width=\"1024\" height=\"681\" data-id=\"65643\" src=\"https:\/\/wisla.skoczow.pl\/wp-content\/uploads\/2026\/08\/naj-zaw-1024x681.jpg\" alt=\"\" class=\"wp-image-65643\" srcset=\"http:\/\/wisla.skoczow.pl\/wp-content\/uploads\/2026\/08\/naj-zaw-1024x681.jpg 1024w, http:\/\/wisla.skoczow.pl\/wp-content\/uploads\/2026\/08\/naj-zaw-300x200.jpg 300w, http:\/\/wisla.skoczow.pl\/wp-content\/uploads\/2026\/08\/naj-zaw-768x511.jpg 768w, http:\/\/wisla.skoczow.pl\/wp-content\/uploads\/2026\/08\/naj-zaw-1536x1022.jpg 1536w, http:\/\/wisla.skoczow.pl\/wp-content\/uploads\/2026\/08\/naj-zaw-2048x1362.jpg 2048w, http:\/\/wisla.skoczow.pl\/wp-content\/uploads\/2026\/08\/naj-zaw-128x85.jpg 128w, http:\/\/wisla.skoczow.pl\/wp-content\/uploads\/2026\/08\/naj-zaw-32x21.jpg 32w\" sizes=\"auto, (max-width: 1024px) 100vw, 1024px\" \/><\/a><figcaption class=\"wp-element-caption\"><strong>Najlepsza zawodniczka<\/strong><\/figcaption><\/figure>\n\n\n\n<figure class=\"wp-block-image size-large\"><a href=\"https:\/\/wisla.skoczow.pl\/wp-content\/uploads\/2026\/08\/naj-strzel-scaled.jpg\"><img loading=\"lazy\" decoding=\"async\" width=\"1024\" height=\"681\" data-id=\"65644\" src=\"https:\/\/wisla.skoczow.pl\/wp-content\/uploads\/2026\/08\/naj-strzel-1024x681.jpg\" alt=\"\" class=\"wp-image-65644\" srcset=\"http:\/\/wisla.skoczow.pl\/wp-content\/uploads\/2026\/08\/naj-strzel-1024x681.jpg 1024w, http:\/\/wisla.skoczow.pl\/wp-content\/uploads\/2026\/08\/naj-strzel-300x200.jpg 300w, http:\/\/wisla.skoczow.pl\/wp-content\/uploads\/2026\/08\/naj-strzel-768x511.jpg 768w, http:\/\/wisla.skoczow.pl\/wp-content\/uploads\/2026\/08\/naj-strzel-1536x1022.jpg 1536w, http:\/\/wisla.skoczow.pl\/wp-content\/uploads\/2026\/08\/naj-strzel-2048x1362.jpg 2048w, http:\/\/wisla.skoczow.pl\/wp-content\/uploads\/2026\/08\/naj-strzel-128x85.jpg 128w, http:\/\/wisla.skoczow.pl\/wp-content\/uploads\/2026\/08\/naj-strzel-32x21.jpg 32w\" sizes=\"auto, (max-width: 1024px) 100vw, 1024px\" \/><\/a><figcaption class=\"wp-element-caption\"><strong>Najskuteczniejsza zawodniczka<\/strong><\/figcaption><\/figure>\n\n\n\n<figure class=\"wp-block-image size-large\"><a href=\"https:\/\/wisla.skoczow.pl\/wp-content\/uploads\/2026\/08\/naj-br-scaled.jpg\"><img loading=\"lazy\" decoding=\"async\" width=\"1024\" height=\"681\" data-id=\"65642\" src=\"https:\/\/wisla.skoczow.pl\/wp-content\/uploads\/2026\/08\/naj-br-1024x681.jpg\" alt=\"\" class=\"wp-image-65642\" srcset=\"http:\/\/wisla.skoczow.pl\/wp-content\/uploads\/2026\/08\/naj-br-1024x681.jpg 1024w, http:\/\/wisla.skoczow.pl\/wp-content\/uploads\/2026\/08\/naj-br-300x200.jpg 300w, http:\/\/wisla.skoczow.pl\/wp-content\/uploads\/2026\/08\/naj-br-768x511.jpg 768w, http:\/\/wisla.skoczow.pl\/wp-content\/uploads\/2026\/08\/naj-br-1536x1022.jpg 1536w, http:\/\/wisla.skoczow.pl\/wp-content\/uploads\/2026\/08\/naj-br-2048x1362.jpg 2048w, http:\/\/wisla.skoczow.pl\/wp-content\/uploads\/2026\/08\/naj-br-128x85.jpg 128w, http:\/\/wisla.skoczow.pl\/wp-content\/uploads\/2026\/08\/naj-br-32x21.jpg 32w\" sizes=\"auto, (max-width: 1024px) 100vw, 1024px\" \/><\/a><figcaption class=\"wp-element-caption\"><strong>Najlepsza bramkarka<\/strong><\/figcaption><\/figure>\n<\/figure>\n\n\n\n<p class=\"wp-block-paragraph\"><\/p>\n","protected":false},"excerpt":{"rendered":"<p>Czternasta edycja mi\u0119dzynarodowego turnieju odby\u0142a si\u0119 w niedziele 23 sierpnia 2026 na boisku w SOSiR w Skoczowie przy ul. Sportowej 6. Pi\u0119kna s\u0142oneczna pogoda dopisa\u0142a. Uroczyste otwarcie nast\u0105pi\u0142o o godz. 15:30 przez Prezesa klubu Andrzeja Fajera. Turniej by\u0142 bardzo wyr\u00f3wnany. Wygrywa\u0142 ten, kto pope\u0142ni\u0142 najmniej b\u0142\u0119d\u00f3w. Udzia\u0142 wzi\u0119\u0142o 5 zespo\u0142\u00f3w &#8211; KKS Wis\u0142a Skocz\u00f3w, TS [&hellip;]<\/p>\n","protected":false},"author":1,"featured_media":65645,"comment_status":"closed","ping_status":"closed","sticky":false,"template":"","format":"standard","meta":{"ngg_post_thumbnail":0,"footnotes":""},"categories":[4,55],"tags":[],"class_list":["post-65634","post","type-post","status-publish","format-standard","has-post-thumbnail","hentry","category-news","category-pilkarki"],"featured_image_url":{"thumbnail":"http:\/\/wisla.skoczow.pl\/wp-content\/uploads\/2026\/08\/prw26-150x150.jpg","medium":"http:\/\/wisla.skoczow.pl\/wp-content\/uploads\/2026\/08\/prw26-300x200.jpg","medium_large":"http:\/\/wisla.skoczow.pl\/wp-content\/uploads\/2026\/08\/prw26-768x511.jpg","large":"http:\/\/wisla.skoczow.pl\/wp-content\/uploads\/2026\/08\/prw26-1024x681.jpg","1536x1536":"http:\/\/wisla.skoczow.pl\/wp-content\/uploads\/2026\/08\/prw26-1536x1022.jpg","2048x2048":"http:\/\/wisla.skoczow.pl\/wp-content\/uploads\/2026\/08\/prw26-2048x1362.jpg","sportspress-crop-medium":"http:\/\/wisla.skoczow.pl\/wp-content\/uploads\/2026\/08\/prw26-300x300.jpg","sportspress-fit-medium":"http:\/\/wisla.skoczow.pl\/wp-content\/uploads\/2026\/08\/prw26-300x200.jpg","sportspress-fit-icon":"http:\/\/wisla.skoczow.pl\/wp-content\/uploads\/2026\/08\/prw26-128x85.jpg","sportspress-fit-mini":"http:\/\/wisla.skoczow.pl\/wp-content\/uploads\/2026\/08\/prw26-32x21.jpg"},"post_author":"admin","assigned_categories":"Aktualno\u015bci, Pi\u0142karki","_links":{"self":[{"href":"http:\/\/wisla.skoczow.pl\/index.php?rest_route=\/wp\/v2\/posts\/65634","targetHints":{"allow":["GET"]}}],"collection":[{"href":"http:\/\/wisla.skoczow.pl\/index.php?rest_route=\/wp\/v2\/posts"}],"about":[{"href":"http:\/\/wisla.skoczow.pl\/index.php?rest_route=\/wp\/v2\/types\/post"}],"author":[{"embeddable":true,"href":"http:\/\/wisla.skoczow.pl\/index.php?rest_route=\/wp\/v2\/users\/1"}],"replies":[{"embeddable":true,"href":"http:\/\/wisla.skoczow.pl\/index.php?rest_route=%2Fwp%2Fv2%2Fcomments&post=65634"}],"version-history":[{"count":3,"href":"http:\/\/wisla.skoczow.pl\/index.php?rest_route=\/wp\/v2\/posts\/65634\/revisions"}],"predecessor-version":[{"id":66279,"href":"http:\/\/wisla.skoczow.pl\/index.php?rest_route=\/wp\/v2\/posts\/65634\/revisions\/66279"}],"wp:featuredmedia":[{"embeddable":true,"href":"http:\/\/wisla.skoczow.pl\/index.php?rest_route=\/wp\/v2\/media\/65645"}],"wp:attachment":[{"href":"http:\/\/wisla.skoczow.pl\/index.php?rest_route=%2Fwp%2Fv2%2Fmedia&parent=65634"}],"wp:term":[{"taxonomy":"category","embeddable":true,"href":"http:\/\/wisla.skoczow.pl\/index.php?rest_route=%2Fwp%2Fv2%2Fcategories&post=65634"},{"taxonomy":"post_tag","embeddable":true,"href":"http:\/\/wisla.skoczow.pl\/index.php?rest_route=%2Fwp%2Fv2%2Ftags&post=65634"}],"curies":[{"name":"wp","href":"https:\/\/api.w.org\/{rel}","templated":true}]}}