{"id":65636,"date":"2026-07-29T15:24:34","date_gmt":"2026-07-29T14:24:34","guid":{"rendered":"https:\/\/wisla.skoczow.pl\/?p=65636"},"modified":"2026-08-27T22:52:54","modified_gmt":"2026-08-27T21:52:54","slug":"oboz-letni-2026-zloty-potok","status":"publish","type":"post","link":"http:\/\/wisla.skoczow.pl\/?p=65636","title":{"rendered":"Ob\u00f3z letni 2026 &#8211; Z\u0142oty Potok"},"content":{"rendered":"\n<h4 class=\"wp-block-heading\">Tydzie\u0144 ci\u0119\u017ckiej pracy, sportowych wyzwa\u0144 i wsp\u00f3lnych chwil. <\/h4>\n\n\n\n<p class=\"wp-block-paragraph\">Od 20 do 27 lipca zawodniczki KKS Wis\u0142a Skocz\u00f3w z zespo\u0142\u00f3w U13, U15 oraz cz\u0119\u015b\u0107 kadry IV ligi przebywa\u0142y na obozie przygotowawczym w Z\u0142otym Potoku. By\u0142 to tydzie\u0144 intensywnej pracy, sportowych wyzwa\u0144, ale r\u00f3wnie\u017c integracji, odpoczynku i budowania zespo\u0142owej atmosfery przed rozpocz\u0119ciem nowego sezonu.<\/p>\n\n\n\n<h3 class=\"wp-block-heading\">Dwa treningi dziennie i praca nad w\u0142asnym rozwojem<\/h3>\n\n\n\n<p class=\"wp-block-paragraph\">Ka\u017cdy dzie\u0144 obozu podporz\u0105dkowany by\u0142 przygotowaniom do sezonu. Zawodniczki realizowa\u0142y <strong>dwie jednostki treningowe dziennie<\/strong>, podczas kt\u00f3rych pracowa\u0142y nad najwa\u017cniejszymi elementami pi\u0142karskiego rzemios\u0142a.<\/p>\n\n\n\n<p class=\"wp-block-paragraph\">Du\u017co uwagi po\u015bwi\u0119cono zar\u00f3wno <strong>organizacji gry w defensywie, jak i dzia\u0142aniom w ataku<\/strong>. Treningi by\u0142y okazj\u0105 do doskonalenia indywidualnych umiej\u0119tno\u015bci, ale przede wszystkim do pracy nad funkcjonowaniem zespo\u0142\u00f3w i realizacj\u0105 za\u0142o\u017ce\u0144 taktycznych.<\/p>\n\n\n\n<p class=\"wp-block-paragraph\">Nie zawsze by\u0142o \u0142atwo. Intensywne treningi przynosi\u0142y zm\u0119czenie, jednak ka\u017cda kolejna jednostka by\u0142a r\u00f3wnie\u017c kolejnym krokiem w przygotowaniach do wymagaj\u0105cego sezonu.<\/p>\n\n\n\n<h3 class=\"wp-block-heading\">Sport to nie tylko boisko<\/h3>\n\n\n\n<p class=\"wp-block-paragraph\">Ob\u00f3z w Z\u0142otym Potoku by\u0142 czym\u015b wi\u0119cej ni\u017c tylko treningiem. Dzie\u0144 rozpoczyna\u0142y poranne rozruchy w otoczeniu las\u00f3w i staw\u00f3w, kt\u00f3re pozwala\u0142y aktywnie rozpocz\u0105\u0107 kolejne godziny pracy.<\/p>\n\n\n\n<p class=\"wp-block-paragraph\">Po intensywnych zaj\u0119ciach nie zabrak\u0142o r\u00f3wnie\u017c czasu na <strong>regeneracj\u0119 w basenie<\/strong>. Odpoczynek i odpowiednia regeneracja by\u0142y wa\u017cnym elementem ca\u0142ego wyjazdu, pozwalaj\u0105c zawodniczkom przygotowa\u0107 si\u0119 do kolejnych treningowych wyzwa\u0144.<\/p>\n\n\n\n<p class=\"wp-block-paragraph\">Dobre warunki pogodowe, smaczne i energetyczne posi\u0142ki oraz malownicze otoczenie Z\u0142otego Potoku stworzy\u0142y bardzo dobre warunki do pracy.<\/p>\n\n\n\n<h3 class=\"wp-block-heading\">Razem tworzymy dru\u017cyn\u0119<\/h3>\n\n\n\n<p class=\"wp-block-paragraph\">Ob\u00f3z to jednak nie tylko treningi, taktyka i przygotowanie fizyczne. To r\u00f3wnie\u017c czas, w kt\u00f3rym zawodniczki mog\u0142y lepiej si\u0119 pozna\u0107, sp\u0119dzi\u0107 ze sob\u0105 wi\u0119cej czasu i budowa\u0107 relacje, kt\u00f3re p\u00f3\u017aniej przek\u0142adaj\u0105 si\u0119 na boisko.<\/p>\n\n\n\n<p class=\"wp-block-paragraph\">Nie zabrak\u0142o zm\u0119czenia, ale jeszcze wi\u0119cej by\u0142o <strong>u\u015bmiechu, wzajemnego wsparcia i wsp\u00f3lnych chwil<\/strong>. Ka\u017cda zawodniczka do\u0142o\u017cy\u0142a swoj\u0105 cegie\u0142k\u0119 do atmosfery panuj\u0105cej podczas wyjazdu.<\/p>\n\n\n\n<p class=\"wp-block-paragraph\">Takie do\u015bwiadczenia s\u0105 niezwykle wa\u017cne szczeg\u00f3lnie przed rozpocz\u0119ciem nowego sezonu. Zesp\u00f3\u0142 buduje si\u0119 bowiem nie tylko podczas mecz\u00f3w i trening\u00f3w, ale r\u00f3wnie\u017c poprzez wsp\u00f3lnie sp\u0119dzony czas, pokonywanie trudno\u015bci i wzajemne wsparcie.<\/p>\n\n\n\n<h3 class=\"wp-block-heading\">Wracamy silniejsi i z now\u0105 energi\u0105<\/h3>\n\n\n\n<p class=\"wp-block-paragraph\">Po tygodniu intensywnej pracy zawodniczki wr\u00f3ci\u0142y do Skoczowa zm\u0119czone, ale przede wszystkim <strong>bogatsze o nowe do\u015bwiadczenia i jeszcze bardziej zmotywowane do dalszej pracy<\/strong>.<\/p>\n\n\n\n<p class=\"wp-block-paragraph\">Ob\u00f3z by\u0142 wa\u017cnym etapem przygotowa\u0144 do sezonu 2026\/2027. Wykonana praca ma zaprocentowa\u0107 w kolejnych miesi\u0105cach, a zdobyte do\u015bwiadczenia b\u0119d\u0105 kolejnym elementem rozwoju naszych zespo\u0142\u00f3w.<\/p>\n\n\n\n<p class=\"wp-block-paragraph\">Teraz czas na kr\u00f3tk\u0105 regeneracj\u0119, a nast\u0119pnie powr\u00f3t do trening\u00f3w i dalszego przygotowywania si\u0119 do ligowych zmaga\u0144.<\/p>\n\n\n\n<p class=\"wp-block-paragraph\">Dzi\u0119kujemy wszystkim zawodniczkom za zaanga\u017cowanie, determinacj\u0119 i wzorow\u0105 postaw\u0119 podczas ca\u0142ego wyjazdu. Wielkie podzi\u0119kowania kierujemy r\u00f3wnie\u017c do trener\u00f3w za ogrom pracy w\u0142o\u017conej w przygotowanie zespo\u0142\u00f3w oraz do wszystkich os\u00f3b, kt\u00f3re przyczyni\u0142y si\u0119 do organizacji obozu.<\/p>\n\n\n\n<p class=\"wp-block-paragraph\"><strong>Z\u0142oty Potok zostaje za nami, ale praca wykonana podczas tych siedmiu dni jedzie z nami dalej.<\/strong><\/p>\n\n\n\n<p class=\"wp-block-paragraph\">Przed nami kolejny etap przygotowa\u0144. Jeszcze wi\u0119cej pracy, jeszcze wi\u0119cej wyzwa\u0144 i kolejne wsp\u00f3lne kroki w stron\u0119 nowego sezonu.<\/p>\n\n\n\n<p class=\"wp-block-paragraph\"><strong>KKS Wis\u0142a Skocz\u00f3w \u2013 Gramy o wi\u0119cej ni\u017c wyniki.<\/strong> \ud83d\udc99\u2764\ufe0f\ud83d\udc9b<\/p>\n\n\n\n<p class=\"wp-block-paragraph\">\ud83d\udcf8 <strong>Zobacz galeri\u0119 z obozu:<\/strong> <a href=\"https:\/\/tiny.pl\/d4zw4wghs\">https:\/\/tiny.pl\/d4zw4wghs<\/a><\/p>\n","protected":false},"excerpt":{"rendered":"<p>Tydzie\u0144 ci\u0119\u017ckiej pracy, sportowych wyzwa\u0144 i wsp\u00f3lnych chwil. Od 20 do 27 lipca zawodniczki KKS Wis\u0142a Skocz\u00f3w z zespo\u0142\u00f3w U13, U15 oraz cz\u0119\u015b\u0107 kadry IV ligi przebywa\u0142y na obozie przygotowawczym w Z\u0142otym Potoku. By\u0142 to tydzie\u0144 intensywnej pracy, sportowych wyzwa\u0144, ale r\u00f3wnie\u017c integracji, odpoczynku i budowania zespo\u0142owej atmosfery przed rozpocz\u0119ciem nowego sezonu. Dwa treningi dziennie [&hellip;]<\/p>\n","protected":false},"author":1,"featured_media":66215,"comment_status":"closed","ping_status":"closed","sticky":false,"template":"","format":"standard","meta":{"ngg_post_thumbnail":0,"footnotes":""},"categories":[4,55],"tags":[],"class_list":["post-65636","post","type-post","status-publish","format-standard","has-post-thumbnail","hentry","category-news","category-pilkarki"],"featured_image_url":{"thumbnail":"http:\/\/wisla.skoczow.pl\/wp-content\/uploads\/2026\/08\/753990065_993913523473521_1299334587365556368_n-150x150.jpg","medium":"http:\/\/wisla.skoczow.pl\/wp-content\/uploads\/2026\/08\/753990065_993913523473521_1299334587365556368_n-300x225.jpg","medium_large":"http:\/\/wisla.skoczow.pl\/wp-content\/uploads\/2026\/08\/753990065_993913523473521_1299334587365556368_n-768x576.jpg","large":"http:\/\/wisla.skoczow.pl\/wp-content\/uploads\/2026\/08\/753990065_993913523473521_1299334587365556368_n-1024x768.jpg","1536x1536":"http:\/\/wisla.skoczow.pl\/wp-content\/uploads\/2026\/08\/753990065_993913523473521_1299334587365556368_n-1536x1152.jpg","2048x2048":"http:\/\/wisla.skoczow.pl\/wp-content\/uploads\/2026\/08\/753990065_993913523473521_1299334587365556368_n.jpg","sportspress-crop-medium":"http:\/\/wisla.skoczow.pl\/wp-content\/uploads\/2026\/08\/753990065_993913523473521_1299334587365556368_n-300x300.jpg","sportspress-fit-medium":"http:\/\/wisla.skoczow.pl\/wp-content\/uploads\/2026\/08\/753990065_993913523473521_1299334587365556368_n-300x225.jpg","sportspress-fit-icon":"http:\/\/wisla.skoczow.pl\/wp-content\/uploads\/2026\/08\/753990065_993913523473521_1299334587365556368_n-128x96.jpg","sportspress-fit-mini":"http:\/\/wisla.skoczow.pl\/wp-content\/uploads\/2026\/08\/753990065_993913523473521_1299334587365556368_n-32x24.jpg"},"post_author":"admin","assigned_categories":"Aktualno\u015bci, Pi\u0142karki","_links":{"self":[{"href":"http:\/\/wisla.skoczow.pl\/index.php?rest_route=\/wp\/v2\/posts\/65636","targetHints":{"allow":["GET"]}}],"collection":[{"href":"http:\/\/wisla.skoczow.pl\/index.php?rest_route=\/wp\/v2\/posts"}],"about":[{"href":"http:\/\/wisla.skoczow.pl\/index.php?rest_route=\/wp\/v2\/types\/post"}],"author":[{"embeddable":true,"href":"http:\/\/wisla.skoczow.pl\/index.php?rest_route=\/wp\/v2\/users\/1"}],"replies":[{"embeddable":true,"href":"http:\/\/wisla.skoczow.pl\/index.php?rest_route=%2Fwp%2Fv2%2Fcomments&post=65636"}],"version-history":[{"count":2,"href":"http:\/\/wisla.skoczow.pl\/index.php?rest_route=\/wp\/v2\/posts\/65636\/revisions"}],"predecessor-version":[{"id":66216,"href":"http:\/\/wisla.skoczow.pl\/index.php?rest_route=\/wp\/v2\/posts\/65636\/revisions\/66216"}],"wp:featuredmedia":[{"embeddable":true,"href":"http:\/\/wisla.skoczow.pl\/index.php?rest_route=\/wp\/v2\/media\/66215"}],"wp:attachment":[{"href":"http:\/\/wisla.skoczow.pl\/index.php?rest_route=%2Fwp%2Fv2%2Fmedia&parent=65636"}],"wp:term":[{"taxonomy":"category","embeddable":true,"href":"http:\/\/wisla.skoczow.pl\/index.php?rest_route=%2Fwp%2Fv2%2Fcategories&post=65636"},{"taxonomy":"post_tag","embeddable":true,"href":"http:\/\/wisla.skoczow.pl\/index.php?rest_route=%2Fwp%2Fv2%2Ftags&post=65636"}],"curies":[{"name":"wp","href":"https:\/\/api.w.org\/{rel}","templated":true}]}}