{"id":66247,"date":"2026-09-02T12:56:36","date_gmt":"2026-09-02T11:56:36","guid":{"rendered":"https:\/\/wisla.skoczow.pl\/?p=66247"},"modified":"2026-09-01T13:07:55","modified_gmt":"2026-09-01T12:07:55","slug":"terminarz-05-09-2026","status":"publish","type":"post","link":"http:\/\/wisla.skoczow.pl\/?p=66247","title":{"rendered":"Terminarz 05.09.2026"},"content":{"rendered":"\n<p class=\"wp-block-paragraph\">Swoje rozgrywki rozpoczynaj\u0105 zawodniczki U11 w \u015al\u0105skiej Lidze Orliczek. Dziewcz\u0119ta podejm\u0105 zesp\u00f3\u0142 z Chorzowa w Wi\u015blicy &#8211; serdecznie zapraszamy. Trampkarki czeka wyjazdowe spotkanie w L\u0119dzinach, a Seniorki podejm\u0105 wyj\u0105tkowo na boisku w Wi\u015blicy (p\u0142yta g\u0142\u00f3wna w Skoczowie zaj\u0119ta), drugi zesp\u00f3\u0142 Rekordu Bielska-Bia\u0142ej. <\/p>\n\n\n\n<figure class=\"wp-block-gallery has-nested-images columns-default is-cropped wp-block-gallery-1 is-layout-flex wp-block-gallery-is-layout-flex\">\n<figure class=\"wp-block-image size-large\"><img loading=\"lazy\" decoding=\"async\" width=\"1024\" height=\"1024\" data-id=\"66248\" src=\"https:\/\/wisla.skoczow.pl\/wp-content\/uploads\/2026\/09\/Kopia-\u2013-Kopia-\u2013-White-Green-Orange-Modern-Abstract-Brush-Football-Match-Day-Instagram-Post12-1024x1024.png\" alt=\"\" class=\"wp-image-66248\" srcset=\"http:\/\/wisla.skoczow.pl\/wp-content\/uploads\/2026\/09\/Kopia-\u2013-Kopia-\u2013-White-Green-Orange-Modern-Abstract-Brush-Football-Match-Day-Instagram-Post12-1024x1024.png 1024w, http:\/\/wisla.skoczow.pl\/wp-content\/uploads\/2026\/09\/Kopia-\u2013-Kopia-\u2013-White-Green-Orange-Modern-Abstract-Brush-Football-Match-Day-Instagram-Post12-300x300.png 300w, http:\/\/wisla.skoczow.pl\/wp-content\/uploads\/2026\/09\/Kopia-\u2013-Kopia-\u2013-White-Green-Orange-Modern-Abstract-Brush-Football-Match-Day-Instagram-Post12-150x150.png 150w, http:\/\/wisla.skoczow.pl\/wp-content\/uploads\/2026\/09\/Kopia-\u2013-Kopia-\u2013-White-Green-Orange-Modern-Abstract-Brush-Football-Match-Day-Instagram-Post12-768x768.png 768w, http:\/\/wisla.skoczow.pl\/wp-content\/uploads\/2026\/09\/Kopia-\u2013-Kopia-\u2013-White-Green-Orange-Modern-Abstract-Brush-Football-Match-Day-Instagram-Post12-128x128.png 128w, http:\/\/wisla.skoczow.pl\/wp-content\/uploads\/2026\/09\/Kopia-\u2013-Kopia-\u2013-White-Green-Orange-Modern-Abstract-Brush-Football-Match-Day-Instagram-Post12-32x32.png 32w, http:\/\/wisla.skoczow.pl\/wp-content\/uploads\/2026\/09\/Kopia-\u2013-Kopia-\u2013-White-Green-Orange-Modern-Abstract-Brush-Football-Match-Day-Instagram-Post12.png 1080w\" sizes=\"auto, (max-width: 1024px) 100vw, 1024px\" \/><\/figure>\n\n\n\n<figure class=\"wp-block-image size-large\"><img loading=\"lazy\" decoding=\"async\" width=\"1024\" height=\"1024\" data-id=\"66249\" src=\"https:\/\/wisla.skoczow.pl\/wp-content\/uploads\/2026\/09\/White-Green-Orange-Modern-Abstract-Brush-Football-Match-Day-Instagram-Post12-1024x1024.png\" alt=\"\" class=\"wp-image-66249\" srcset=\"http:\/\/wisla.skoczow.pl\/wp-content\/uploads\/2026\/09\/White-Green-Orange-Modern-Abstract-Brush-Football-Match-Day-Instagram-Post12-1024x1024.png 1024w, http:\/\/wisla.skoczow.pl\/wp-content\/uploads\/2026\/09\/White-Green-Orange-Modern-Abstract-Brush-Football-Match-Day-Instagram-Post12-300x300.png 300w, http:\/\/wisla.skoczow.pl\/wp-content\/uploads\/2026\/09\/White-Green-Orange-Modern-Abstract-Brush-Football-Match-Day-Instagram-Post12-150x150.png 150w, http:\/\/wisla.skoczow.pl\/wp-content\/uploads\/2026\/09\/White-Green-Orange-Modern-Abstract-Brush-Football-Match-Day-Instagram-Post12-768x768.png 768w, http:\/\/wisla.skoczow.pl\/wp-content\/uploads\/2026\/09\/White-Green-Orange-Modern-Abstract-Brush-Football-Match-Day-Instagram-Post12-128x128.png 128w, http:\/\/wisla.skoczow.pl\/wp-content\/uploads\/2026\/09\/White-Green-Orange-Modern-Abstract-Brush-Football-Match-Day-Instagram-Post12-32x32.png 32w, http:\/\/wisla.skoczow.pl\/wp-content\/uploads\/2026\/09\/White-Green-Orange-Modern-Abstract-Brush-Football-Match-Day-Instagram-Post12.png 1080w\" sizes=\"auto, (max-width: 1024px) 100vw, 1024px\" \/><\/figure>\n\n\n\n<figure class=\"wp-block-image size-large\"><img loading=\"lazy\" decoding=\"async\" width=\"1024\" height=\"1024\" data-id=\"66250\" src=\"https:\/\/wisla.skoczow.pl\/wp-content\/uploads\/2026\/09\/Kopia-Kopia-\u2013-White-Green-Orange-Modern-Abstract-Brush-Football-Match-Day-Instagram-Post-1024x1024.png\" alt=\"\" class=\"wp-image-66250\" srcset=\"http:\/\/wisla.skoczow.pl\/wp-content\/uploads\/2026\/09\/Kopia-Kopia-\u2013-White-Green-Orange-Modern-Abstract-Brush-Football-Match-Day-Instagram-Post-1024x1024.png 1024w, http:\/\/wisla.skoczow.pl\/wp-content\/uploads\/2026\/09\/Kopia-Kopia-\u2013-White-Green-Orange-Modern-Abstract-Brush-Football-Match-Day-Instagram-Post-300x300.png 300w, http:\/\/wisla.skoczow.pl\/wp-content\/uploads\/2026\/09\/Kopia-Kopia-\u2013-White-Green-Orange-Modern-Abstract-Brush-Football-Match-Day-Instagram-Post-150x150.png 150w, http:\/\/wisla.skoczow.pl\/wp-content\/uploads\/2026\/09\/Kopia-Kopia-\u2013-White-Green-Orange-Modern-Abstract-Brush-Football-Match-Day-Instagram-Post-768x768.png 768w, http:\/\/wisla.skoczow.pl\/wp-content\/uploads\/2026\/09\/Kopia-Kopia-\u2013-White-Green-Orange-Modern-Abstract-Brush-Football-Match-Day-Instagram-Post-128x128.png 128w, http:\/\/wisla.skoczow.pl\/wp-content\/uploads\/2026\/09\/Kopia-Kopia-\u2013-White-Green-Orange-Modern-Abstract-Brush-Football-Match-Day-Instagram-Post-32x32.png 32w, http:\/\/wisla.skoczow.pl\/wp-content\/uploads\/2026\/09\/Kopia-Kopia-\u2013-White-Green-Orange-Modern-Abstract-Brush-Football-Match-Day-Instagram-Post.png 1080w\" sizes=\"auto, (max-width: 1024px) 100vw, 1024px\" \/><\/figure>\n<\/figure>\n\n\n\n<p class=\"wp-block-paragraph\"><\/p>\n","protected":false},"excerpt":{"rendered":"<p>Swoje rozgrywki rozpoczynaj\u0105 zawodniczki U11 w \u015al\u0105skiej Lidze Orliczek. Dziewcz\u0119ta podejm\u0105 zesp\u00f3\u0142 z Chorzowa w Wi\u015blicy &#8211; serdecznie zapraszamy. Trampkarki czeka wyjazdowe spotkanie w L\u0119dzinach, a Seniorki podejm\u0105 wyj\u0105tkowo na boisku w Wi\u015blicy (p\u0142yta g\u0142\u00f3wna w Skoczowie zaj\u0119ta), drugi zesp\u00f3\u0142 Rekordu Bielska-Bia\u0142ej.<\/p>\n","protected":false},"author":1,"featured_media":66255,"comment_status":"closed","ping_status":"closed","sticky":false,"template":"","format":"standard","meta":{"ngg_post_thumbnail":0,"footnotes":""},"categories":[4],"tags":[],"class_list":["post-66247","post","type-post","status-publish","format-standard","has-post-thumbnail","hentry","category-news"],"featured_image_url":{"thumbnail":"http:\/\/wisla.skoczow.pl\/wp-content\/uploads\/2026\/08\/SLASKA-LIGA4-150x150.png","medium":"http:\/\/wisla.skoczow.pl\/wp-content\/uploads\/2026\/08\/SLASKA-LIGA4-300x150.png","medium_large":"http:\/\/wisla.skoczow.pl\/wp-content\/uploads\/2026\/08\/SLASKA-LIGA4-768x384.png","large":"http:\/\/wisla.skoczow.pl\/wp-content\/uploads\/2026\/08\/SLASKA-LIGA4-1024x512.png","1536x1536":"http:\/\/wisla.skoczow.pl\/wp-content\/uploads\/2026\/08\/SLASKA-LIGA4-1536x768.png","2048x2048":"http:\/\/wisla.skoczow.pl\/wp-content\/uploads\/2026\/08\/SLASKA-LIGA4-2048x1024.png","sportspress-crop-medium":"http:\/\/wisla.skoczow.pl\/wp-content\/uploads\/2026\/08\/SLASKA-LIGA4-300x300.png","sportspress-fit-medium":"http:\/\/wisla.skoczow.pl\/wp-content\/uploads\/2026\/08\/SLASKA-LIGA4-300x150.png","sportspress-fit-icon":"http:\/\/wisla.skoczow.pl\/wp-content\/uploads\/2026\/08\/SLASKA-LIGA4-128x64.png","sportspress-fit-mini":"http:\/\/wisla.skoczow.pl\/wp-content\/uploads\/2026\/08\/SLASKA-LIGA4-32x16.png"},"post_author":"admin","assigned_categories":"Aktualno\u015bci","_links":{"self":[{"href":"http:\/\/wisla.skoczow.pl\/index.php?rest_route=\/wp\/v2\/posts\/66247","targetHints":{"allow":["GET"]}}],"collection":[{"href":"http:\/\/wisla.skoczow.pl\/index.php?rest_route=\/wp\/v2\/posts"}],"about":[{"href":"http:\/\/wisla.skoczow.pl\/index.php?rest_route=\/wp\/v2\/types\/post"}],"author":[{"embeddable":true,"href":"http:\/\/wisla.skoczow.pl\/index.php?rest_route=\/wp\/v2\/users\/1"}],"replies":[{"embeddable":true,"href":"http:\/\/wisla.skoczow.pl\/index.php?rest_route=%2Fwp%2Fv2%2Fcomments&post=66247"}],"version-history":[{"count":2,"href":"http:\/\/wisla.skoczow.pl\/index.php?rest_route=\/wp\/v2\/posts\/66247\/revisions"}],"predecessor-version":[{"id":66252,"href":"http:\/\/wisla.skoczow.pl\/index.php?rest_route=\/wp\/v2\/posts\/66247\/revisions\/66252"}],"wp:featuredmedia":[{"embeddable":true,"href":"http:\/\/wisla.skoczow.pl\/index.php?rest_route=\/wp\/v2\/media\/66255"}],"wp:attachment":[{"href":"http:\/\/wisla.skoczow.pl\/index.php?rest_route=%2Fwp%2Fv2%2Fmedia&parent=66247"}],"wp:term":[{"taxonomy":"category","embeddable":true,"href":"http:\/\/wisla.skoczow.pl\/index.php?rest_route=%2Fwp%2Fv2%2Fcategories&post=66247"},{"taxonomy":"post_tag","embeddable":true,"href":"http:\/\/wisla.skoczow.pl\/index.php?rest_route=%2Fwp%2Fv2%2Ftags&post=66247"}],"curies":[{"name":"wp","href":"https:\/\/api.w.org\/{rel}","templated":true}]}}