{"id":732,"date":"2015-09-21T17:45:40","date_gmt":"2015-09-21T16:45:40","guid":{"rendered":"http:\/\/wisla.skoczow.pl\/?p=732"},"modified":"2023-01-19T00:50:04","modified_gmt":"2023-01-18T23:50:04","slug":"walka-z-wilcza","status":"publish","type":"post","link":"http:\/\/wisla.skoczow.pl\/?p=732","title":{"rendered":"Walka z Wilcz\u0105!"},"content":{"rendered":"<p>20.09 &#8222;Wise\u0142ki&#8221; zmierzy\u0142y si\u0119 z silnym zespo\u0142em.<!--more--><\/p>\n<p>W do\u015b\u0107 pochmurny dzie\u0144 dziewcz\u0119ta zmierzy\u0142y si\u0119 z LKS Wilki Wilcza, mimo to by\u0142y to wy\u015bmienite warunki do rywalizacji. Oba zespo\u0142y przyst\u0105pi\u0142y z mocn\u0105 kadr\u0105 zawodnicz\u0105 do spotkania. Przeciwniczki by\u0142y zaskoczone oporem jaki napotka\u0142y ze strony &#8222;Wise\u0142ek&#8221;. Od pierwszych minut wysokie tempo gry, kontra za kontr\u0119. Wyr\u00f3wnane spotkanie powodowa\u0142o, \u017ce zwyci\u0119zc\u0105 m\u00f3g\u0142 zosta\u0107 zesp\u00f3\u0142, kt\u00f3ry pope\u0142ni mniej b\u0142\u0119d\u00f3w. I tak niefortunnie b\u0142\u0105d w obronie spowodowa\u0142 w 10&#8242; strat\u0119 bramki. Dalszy obraz gry &nbsp;to ci\u0105g\u0142e ataki ze strony &#8222;Wise\u0142ek&#8221; i wiele niewykorzystanych sytuacji podbramkowych &#8211; nie raz wygl\u0105daj\u0105cych gro\u017anie i z mo\u017cliwo\u015bci\u0105 zako\u0144czenia, zdobyciem bramki. Niestety nad dziewcz\u0119tami &#8222;wisia\u0142o&#8221; fatum &#8211; to s\u0142upek, poprzeczka lub pi\u0142ka minimalnie omija bramk\u0119. Na du\u017c\u0105 pochwa\u0142\u0119 zas\u0142uguje <strong>Karolina M\u015bcisz&nbsp;<\/strong>&#8211; bramkarka KKS-u wielokrotnie ratowa\u0142a swoimi interwencjami zesp\u00f3\u0142 od straty bramki. Pierwsza po\u0142owa zako\u0144czy\u0142a si\u0119 wynikiem 1:0 dla Wilczy. Druga ods\u0142ona wygl\u0105da\u0142a podobnie, ci\u0105g\u0142e ataki Wis\u0142y jak i Wilczy, du\u017co gry kontaktowej &#8211; s\u0119dzia dopuszcza\u0142 ostr\u0105 gr\u0119 cia\u0142em, mimo tego dziewcz\u0119ta dalej walczy\u0142y zaciekle, a trzeba zaznaczy\u0107, \u017ce mierzy\u0142y si\u0119 z powa\u017cnymi wzmocnieniami Wilczy. Przeciwniczki do swojego zespo\u0142u &#8222;\u015bci\u0105gn\u0119\u0142y&#8221; kilka zawodniczek ekstraligi. Intensywne tempo spotkania, szczeg\u00f3lnie odczu\u0142y juniorki Wis\u0142y. Mimo za\u017cartej walki dziewcz\u0119ta straci\u0142y &nbsp;jeszcze dwie bramki &#8211; 57&#8242; i 82&#8242;.<\/p>\n<p>Wiele niewykorzystanych sytuacji potrafi si\u0119 m\u015bci\u0107, ale taki jest futbol &#8211; na wiosn\u0119 rewan\u017c i z pewno\u015bci\u0105 wynik na w\u0142asnym boisku b\u0119dzie inny.<\/p>\n<p>LKS Wilki Wilcza &#8211; KKS Wis\u0142a Skocz\u00f3w &nbsp; 3:0 &nbsp;(1:0)<\/p>\n<p>Sk\u0142ad: M\u015bcisz &#8211; Balas, Orszulik, &nbsp;Hyllova &#8211; Niemiec, &nbsp;Hrosova, Kyselova, Ryszawy, Szo\u0142dra &#8211;&nbsp;Mihaldova, Soko\u0142owska<br \/>\nRezerwa: G\u00f3rniak, Grelowska, Kapa\u0142ka, Ku\u015b, Mo\u0107ko, Szczotka, W\u0142odarczyk<\/p>\n","protected":false},"excerpt":{"rendered":"<p>20.09 &#8222;Wise\u0142ki&#8221; zmierzy\u0142y si\u0119 z silnym zespo\u0142em.<\/p>\n","protected":false},"author":1,"featured_media":6812,"comment_status":"closed","ping_status":"closed","sticky":false,"template":"","format":"standard","meta":{"ngg_post_thumbnail":0,"footnotes":""},"categories":[4],"tags":[],"class_list":["post-732","post","type-post","status-publish","format-standard","has-post-thumbnail","hentry","category-news"],"featured_image_url":{"thumbnail":"http:\/\/wisla.skoczow.pl\/wp-content\/uploads\/2021\/03\/herb_KKS-150x150.png","medium":"http:\/\/wisla.skoczow.pl\/wp-content\/uploads\/2021\/03\/herb_KKS-296x300.png","medium_large":"http:\/\/wisla.skoczow.pl\/wp-content\/uploads\/2021\/03\/herb_KKS.png","large":"http:\/\/wisla.skoczow.pl\/wp-content\/uploads\/2021\/03\/herb_KKS.png","1536x1536":"http:\/\/wisla.skoczow.pl\/wp-content\/uploads\/2021\/03\/herb_KKS.png","2048x2048":"http:\/\/wisla.skoczow.pl\/wp-content\/uploads\/2021\/03\/herb_KKS.png","sportspress-crop-medium":"http:\/\/wisla.skoczow.pl\/wp-content\/uploads\/2021\/03\/herb_KKS-300x300.png","sportspress-fit-medium":"http:\/\/wisla.skoczow.pl\/wp-content\/uploads\/2021\/03\/herb_KKS-296x300.png","sportspress-fit-icon":"http:\/\/wisla.skoczow.pl\/wp-content\/uploads\/2021\/03\/herb_KKS-126x128.png","sportspress-fit-mini":"http:\/\/wisla.skoczow.pl\/wp-content\/uploads\/2021\/03\/herb_KKS-32x32.png"},"post_author":"admin","assigned_categories":"Aktualno\u015bci","_links":{"self":[{"href":"http:\/\/wisla.skoczow.pl\/index.php?rest_route=\/wp\/v2\/posts\/732","targetHints":{"allow":["GET"]}}],"collection":[{"href":"http:\/\/wisla.skoczow.pl\/index.php?rest_route=\/wp\/v2\/posts"}],"about":[{"href":"http:\/\/wisla.skoczow.pl\/index.php?rest_route=\/wp\/v2\/types\/post"}],"author":[{"embeddable":true,"href":"http:\/\/wisla.skoczow.pl\/index.php?rest_route=\/wp\/v2\/users\/1"}],"replies":[{"embeddable":true,"href":"http:\/\/wisla.skoczow.pl\/index.php?rest_route=%2Fwp%2Fv2%2Fcomments&post=732"}],"version-history":[{"count":6,"href":"http:\/\/wisla.skoczow.pl\/index.php?rest_route=\/wp\/v2\/posts\/732\/revisions"}],"predecessor-version":[{"id":9039,"href":"http:\/\/wisla.skoczow.pl\/index.php?rest_route=\/wp\/v2\/posts\/732\/revisions\/9039"}],"wp:featuredmedia":[{"embeddable":true,"href":"http:\/\/wisla.skoczow.pl\/index.php?rest_route=\/wp\/v2\/media\/6812"}],"wp:attachment":[{"href":"http:\/\/wisla.skoczow.pl\/index.php?rest_route=%2Fwp%2Fv2%2Fmedia&parent=732"}],"wp:term":[{"taxonomy":"category","embeddable":true,"href":"http:\/\/wisla.skoczow.pl\/index.php?rest_route=%2Fwp%2Fv2%2Fcategories&post=732"},{"taxonomy":"post_tag","embeddable":true,"href":"http:\/\/wisla.skoczow.pl\/index.php?rest_route=%2Fwp%2Fv2%2Ftags&post=732"}],"curies":[{"name":"wp","href":"https:\/\/api.w.org\/{rel}","templated":true}]}}