{"id":62557,"date":"2025-11-21T12:16:07","date_gmt":"2025-11-21T11:16:07","guid":{"rendered":"https:\/\/wisla.skoczow.pl\/?p=62557"},"modified":"2025-11-22T12:22:20","modified_gmt":"2025-11-22T11:22:20","slug":"1-liga-futsalu-kobiet-4-kolejka","status":"publish","type":"post","link":"https:\/\/wisla.skoczow.pl\/?p=62557","title":{"rendered":"1 LIGA FUTSALU KOBIET \u2013 4 kolejka!"},"content":{"rendered":"\n<p>W sobot\u0119 zmierzymy si\u0119 z LUKS II Rolnik Biedrzychowice-G\u0142og\u00f3wek w Hali Sportowej w Korfantowie. Trzymamy kciuki za \u201eWise\u0142ki\u201d, nasz zesp\u00f3\u0142 jest mocno os\u0142abiony kontuzjami, ale dziewczyny b\u0119d\u0105 walczy\u0107 do ko\u0144ca. Spodziewamy si\u0119 spotkania na bardzo wysokim poziomie &#8211; przeciwniczki z pewno\u015bci\u0105 skorzystaj\u0105 z przerwy reprezentacyjnej w ekstralidze. Ich pierwszy zesp\u00f3\u0142, kt\u00f3ry gra na najwy\u017cszym poziomie rozgrywkowym ma obecnie pauz\u0119 w rozgrywkach, spowodowan\u0105 Mistrzostwami \u015awiata w futsalu kobiet na Filipinach, gdzie nasza Reprezentacja Polski bierze udzia\u0142. Na parkiecie z pewno\u015bci\u0105 zmierzymy si\u0119 z ekstraligow\u0105 jako\u015bci\u0105&#8230; stawimy temu czo\u0142a dzielnie. <\/p>\n\n\n\n<figure class=\"wp-block-image aligncenter size-large is-resized\"><a href=\"https:\/\/wisla.skoczow.pl\/wp-content\/uploads\/2025\/11\/Yellow-Dark-Gray-Modern-Football-Matchday-Instagram-Post-1-1.png\"><img loading=\"lazy\" decoding=\"async\" width=\"1024\" height=\"1024\" src=\"https:\/\/wisla.skoczow.pl\/wp-content\/uploads\/2025\/11\/Yellow-Dark-Gray-Modern-Football-Matchday-Instagram-Post-1-1-1024x1024.png\" alt=\"\" class=\"wp-image-62558\" style=\"width:548px;height:auto\" srcset=\"https:\/\/wisla.skoczow.pl\/wp-content\/uploads\/2025\/11\/Yellow-Dark-Gray-Modern-Football-Matchday-Instagram-Post-1-1-1024x1024.png 1024w, https:\/\/wisla.skoczow.pl\/wp-content\/uploads\/2025\/11\/Yellow-Dark-Gray-Modern-Football-Matchday-Instagram-Post-1-1-300x300.png 300w, https:\/\/wisla.skoczow.pl\/wp-content\/uploads\/2025\/11\/Yellow-Dark-Gray-Modern-Football-Matchday-Instagram-Post-1-1-150x150.png 150w, https:\/\/wisla.skoczow.pl\/wp-content\/uploads\/2025\/11\/Yellow-Dark-Gray-Modern-Football-Matchday-Instagram-Post-1-1-768x768.png 768w, https:\/\/wisla.skoczow.pl\/wp-content\/uploads\/2025\/11\/Yellow-Dark-Gray-Modern-Football-Matchday-Instagram-Post-1-1-128x128.png 128w, https:\/\/wisla.skoczow.pl\/wp-content\/uploads\/2025\/11\/Yellow-Dark-Gray-Modern-Football-Matchday-Instagram-Post-1-1-32x32.png 32w, https:\/\/wisla.skoczow.pl\/wp-content\/uploads\/2025\/11\/Yellow-Dark-Gray-Modern-Football-Matchday-Instagram-Post-1-1.png 1080w\" sizes=\"auto, (max-width: 1024px) 100vw, 1024px\" \/><\/a><\/figure>\n","protected":false},"excerpt":{"rendered":"<p>W sobot\u0119 zmierzymy si\u0119 z LUKS II Rolnik Biedrzychowice-G\u0142og\u00f3wek w Hali Sportowej w Korfantowie. Trzymamy kciuki za \u201eWise\u0142ki\u201d, nasz zesp\u00f3\u0142 jest mocno os\u0142abiony kontuzjami, ale dziewczyny b\u0119d\u0105 walczy\u0107 do ko\u0144ca. Spodziewamy si\u0119 spotkania na bardzo wysokim poziomie &#8211; przeciwniczki z pewno\u015bci\u0105 skorzystaj\u0105 z przerwy reprezentacyjnej w ekstralidze. Ich pierwszy zesp\u00f3\u0142, kt\u00f3ry gra na najwy\u017cszym poziomie [&hellip;]<\/p>\n","protected":false},"author":1,"featured_media":56585,"comment_status":"closed","ping_status":"","sticky":false,"template":"","format":"standard","meta":{"ngg_post_thumbnail":0,"footnotes":""},"categories":[4,55],"tags":[],"class_list":["post-62557","post","type-post","status-publish","format-standard","has-post-thumbnail","hentry","category-news","category-pilkarki"],"featured_image_url":{"thumbnail":"https:\/\/wisla.skoczow.pl\/wp-content\/uploads\/2025\/02\/futsal-topka-terminarz-150x150.jpg","medium":"https:\/\/wisla.skoczow.pl\/wp-content\/uploads\/2025\/02\/futsal-topka-terminarz-300x176.jpg","medium_large":"https:\/\/wisla.skoczow.pl\/wp-content\/uploads\/2025\/02\/futsal-topka-terminarz.jpg","large":"https:\/\/wisla.skoczow.pl\/wp-content\/uploads\/2025\/02\/futsal-topka-terminarz.jpg","1536x1536":"https:\/\/wisla.skoczow.pl\/wp-content\/uploads\/2025\/02\/futsal-topka-terminarz.jpg","2048x2048":"https:\/\/wisla.skoczow.pl\/wp-content\/uploads\/2025\/02\/futsal-topka-terminarz.jpg","sportspress-crop-medium":"https:\/\/wisla.skoczow.pl\/wp-content\/uploads\/2025\/02\/futsal-topka-terminarz-300x264.jpg","sportspress-fit-medium":"https:\/\/wisla.skoczow.pl\/wp-content\/uploads\/2025\/02\/futsal-topka-terminarz-300x176.jpg","sportspress-fit-icon":"https:\/\/wisla.skoczow.pl\/wp-content\/uploads\/2025\/02\/futsal-topka-terminarz-128x75.jpg","sportspress-fit-mini":"https:\/\/wisla.skoczow.pl\/wp-content\/uploads\/2025\/02\/futsal-topka-terminarz-32x19.jpg"},"post_author":"admin","assigned_categories":"Aktualno\u015bci, Pi\u0142karki","_links":{"self":[{"href":"https:\/\/wisla.skoczow.pl\/index.php?rest_route=\/wp\/v2\/posts\/62557","targetHints":{"allow":["GET"]}}],"collection":[{"href":"https:\/\/wisla.skoczow.pl\/index.php?rest_route=\/wp\/v2\/posts"}],"about":[{"href":"https:\/\/wisla.skoczow.pl\/index.php?rest_route=\/wp\/v2\/types\/post"}],"author":[{"embeddable":true,"href":"https:\/\/wisla.skoczow.pl\/index.php?rest_route=\/wp\/v2\/users\/1"}],"replies":[{"embeddable":true,"href":"https:\/\/wisla.skoczow.pl\/index.php?rest_route=%2Fwp%2Fv2%2Fcomments&post=62557"}],"version-history":[{"count":1,"href":"https:\/\/wisla.skoczow.pl\/index.php?rest_route=\/wp\/v2\/posts\/62557\/revisions"}],"predecessor-version":[{"id":62559,"href":"https:\/\/wisla.skoczow.pl\/index.php?rest_route=\/wp\/v2\/posts\/62557\/revisions\/62559"}],"wp:featuredmedia":[{"embeddable":true,"href":"https:\/\/wisla.skoczow.pl\/index.php?rest_route=\/wp\/v2\/media\/56585"}],"wp:attachment":[{"href":"https:\/\/wisla.skoczow.pl\/index.php?rest_route=%2Fwp%2Fv2%2Fmedia&parent=62557"}],"wp:term":[{"taxonomy":"category","embeddable":true,"href":"https:\/\/wisla.skoczow.pl\/index.php?rest_route=%2Fwp%2Fv2%2Fcategories&post=62557"},{"taxonomy":"post_tag","embeddable":true,"href":"https:\/\/wisla.skoczow.pl\/index.php?rest_route=%2Fwp%2Fv2%2Ftags&post=62557"}],"curies":[{"name":"wp","href":"https:\/\/api.w.org\/{rel}","templated":true}]}}