[{"id":"66247","price":"","sale":"","sale_percent":"","link":"https:\/\/wisla.skoczow.pl\/?p=66247","name":"terminarz-05-09-2026","thumbnail":{"url":"https:\/\/wisla.skoczow.pl\/wp-content\/uploads\/2026\/08\/SLASKA-LIGA4-scaled.png","alt":""},"title":"Terminarz 05.09.2026","author":{"name":"admin","link":"https:\/\/wisla.skoczow.pl\/?author=1"},"date":"wrz 2, 2026","dateGMT":"2026-09-02 11:56:36","modifiedDate":"2026-09-01 13:07:55","modifiedDateGMT":"2026-09-01 12:07:55","commentCount":"0","commentStatus":"closed","categories":{"coma":"<a href=\"https:\/\/wisla.skoczow.pl\/?cat=4\" rel=\"category\">Aktualno\u015bci<\/a>","space":"<a href=\"https:\/\/wisla.skoczow.pl\/?cat=4\" rel=\"category\">Aktualno\u015bci<\/a>"},"taxonomies":{"post_tag":""},"acf_fields":[],"readTime":{"min":0,"sec":13},"status":"publish","excerpt":""},{"id":"66267","price":"","sale":"","sale_percent":"","link":"https:\/\/wisla.skoczow.pl\/?p=66267","name":"trampkarki-u15-nowe-wyzwanie-pierwsze-doswiadczenia-i-walka-do-konca","thumbnail":{"url":"https:\/\/wisla.skoczow.pl\/wp-content\/uploads\/2026\/09\/790847239_1622604526123112_1082370051599131031_n.jpg","alt":""},"title":"Trampkarki U15 - Nowe wyzwanie, pierwsze do\u015bwiadczenia i walka do ko\u0144ca!","author":{"name":"admin","link":"https:\/\/wisla.skoczow.pl\/?author=1"},"date":"wrz 2, 2026","dateGMT":"2026-09-02 08:20:06","modifiedDate":"2026-09-02 09:20:06","modifiedDateGMT":"2026-09-02 08:20:06","commentCount":"0","commentStatus":"closed","categories":{"coma":"<a href=\"https:\/\/wisla.skoczow.pl\/?cat=4\" rel=\"category\">Aktualno\u015bci<\/a>","space":"<a href=\"https:\/\/wisla.skoczow.pl\/?cat=4\" rel=\"category\">Aktualno\u015bci<\/a>"},"taxonomies":{"post_tag":""},"acf_fields":[],"readTime":{"min":1,"sec":24},"status":"publish","excerpt":""},{"id":"66242","price":"","sale":"","sale_percent":"","link":"https:\/\/wisla.skoczow.pl\/?p=66242","name":"terminarz-29-08-2026","thumbnail":{"url":"https:\/\/wisla.skoczow.pl\/wp-content\/uploads\/2026\/08\/SLASKA-LIGA4-scaled.png","alt":""},"title":"Terminarz 29.08.2026","author":{"name":"admin","link":"https:\/\/wisla.skoczow.pl\/?author=1"},"date":"sie 28, 2026","dateGMT":"2026-08-28 11:48:13","modifiedDate":"2026-09-01 13:07:07","modifiedDateGMT":"2026-09-01 12:07:07","commentCount":"0","commentStatus":"closed","categories":{"coma":"<a href=\"https:\/\/wisla.skoczow.pl\/?cat=4\" rel=\"category\">Aktualno\u015bci<\/a>","space":"<a href=\"https:\/\/wisla.skoczow.pl\/?cat=4\" rel=\"category\">Aktualno\u015bci<\/a>"},"taxonomies":{"post_tag":""},"acf_fields":[],"readTime":{"min":0,"sec":18},"status":"publish","excerpt":""},{"id":"65623","price":"","sale":"","sale_percent":"","link":"https:\/\/wisla.skoczow.pl\/?p=65623","name":"karolina-w-kadrze-slaskiego-zpn-u13","thumbnail":{"url":"https:\/\/wisla.skoczow.pl\/wp-content\/uploads\/2026\/08\/powolania.jpg","alt":""},"title":"Karolina w kadrze \u015al\u0105skiego ZPN U13!","author":{"name":"admin","link":"https:\/\/wisla.skoczow.pl\/?author=1"},"date":"sie 27, 2026","dateGMT":"2026-08-27 14:21:32","modifiedDate":"2026-08-27 15:22:14","modifiedDateGMT":"2026-08-27 14:22:14","commentCount":"0","commentStatus":"closed","categories":{"coma":"<a href=\"https:\/\/wisla.skoczow.pl\/?cat=4\" rel=\"category\">Aktualno\u015bci<\/a>, <a href=\"https:\/\/wisla.skoczow.pl\/?cat=55\" rel=\"category\">Pi\u0142karki<\/a>","space":"<a href=\"https:\/\/wisla.skoczow.pl\/?cat=4\" rel=\"category\">Aktualno\u015bci<\/a> <a href=\"https:\/\/wisla.skoczow.pl\/?cat=55\" rel=\"category\">Pi\u0142karki<\/a>"},"taxonomies":{"post_tag":""},"acf_fields":[],"readTime":{"min":0,"sec":14},"status":"publish","excerpt":""},{"id":"65634","price":"","sale":"","sale_percent":"","link":"https:\/\/wisla.skoczow.pl\/?p=65634","name":"puchar-rzeki-wisly-2026","thumbnail":{"url":"https:\/\/wisla.skoczow.pl\/wp-content\/uploads\/2026\/08\/prw26-scaled.jpg","alt":""},"title":"PUCHAR RZEKI WIS\u0141Y 2026","author":{"name":"admin","link":"https:\/\/wisla.skoczow.pl\/?author=1"},"date":"sie 26, 2026","dateGMT":"2026-08-26 14:23:37","modifiedDate":"2026-09-02 09:29:07","modifiedDateGMT":"2026-09-02 08:29:07","commentCount":"0","commentStatus":"closed","categories":{"coma":"<a href=\"https:\/\/wisla.skoczow.pl\/?cat=4\" rel=\"category\">Aktualno\u015bci<\/a>, <a href=\"https:\/\/wisla.skoczow.pl\/?cat=55\" rel=\"category\">Pi\u0142karki<\/a>","space":"<a href=\"https:\/\/wisla.skoczow.pl\/?cat=4\" rel=\"category\">Aktualno\u015bci<\/a> <a href=\"https:\/\/wisla.skoczow.pl\/?cat=55\" rel=\"category\">Pi\u0142karki<\/a>"},"taxonomies":{"post_tag":""},"acf_fields":[],"readTime":{"min":1,"sec":24},"status":"publish","excerpt":""},{"id":"65636","price":"","sale":"","sale_percent":"","link":"https:\/\/wisla.skoczow.pl\/?p=65636","name":"oboz-letni-2026-zloty-potok","thumbnail":{"url":"https:\/\/wisla.skoczow.pl\/wp-content\/uploads\/2026\/08\/753990065_993913523473521_1299334587365556368_n.jpg","alt":""},"title":"Ob\u00f3z letni 2026 - Z\u0142oty Potok","author":{"name":"admin","link":"https:\/\/wisla.skoczow.pl\/?author=1"},"date":"lip 29, 2026","dateGMT":"2026-07-29 14:24:34","modifiedDate":"2026-08-27 22:52:54","modifiedDateGMT":"2026-08-27 21:52:54","commentCount":"0","commentStatus":"closed","categories":{"coma":"<a href=\"https:\/\/wisla.skoczow.pl\/?cat=4\" rel=\"category\">Aktualno\u015bci<\/a>, <a href=\"https:\/\/wisla.skoczow.pl\/?cat=55\" rel=\"category\">Pi\u0142karki<\/a>","space":"<a href=\"https:\/\/wisla.skoczow.pl\/?cat=4\" rel=\"category\">Aktualno\u015bci<\/a> <a href=\"https:\/\/wisla.skoczow.pl\/?cat=55\" rel=\"category\">Pi\u0142karki<\/a>"},"taxonomies":{"post_tag":""},"acf_fields":[],"readTime":{"min":2,"sec":18},"status":"publish","excerpt":""},{"id":"65353","price":"","sale":"","sale_percent":"","link":"https:\/\/wisla.skoczow.pl\/?p=65353","name":"nabor-2026-2027","thumbnail":{"url":"https:\/\/wisla.skoczow.pl\/wp-content\/uploads\/2026\/07\/nabor-2026-2027.png","alt":""},"title":"NAB\u00d3R 2026\/2027","author":{"name":"admin","link":"https:\/\/wisla.skoczow.pl\/?author=1"},"date":"lip 12, 2026","dateGMT":"2026-07-12 15:45:55","modifiedDate":"2026-07-12 16:46:27","modifiedDateGMT":"2026-07-12 15:46:27","commentCount":"0","commentStatus":"closed","categories":{"coma":"<a href=\"https:\/\/wisla.skoczow.pl\/?cat=4\" rel=\"category\">Aktualno\u015bci<\/a>, <a href=\"https:\/\/wisla.skoczow.pl\/?cat=55\" rel=\"category\">Pi\u0142karki<\/a>","space":"<a href=\"https:\/\/wisla.skoczow.pl\/?cat=4\" rel=\"category\">Aktualno\u015bci<\/a> <a href=\"https:\/\/wisla.skoczow.pl\/?cat=55\" rel=\"category\">Pi\u0142karki<\/a>"},"taxonomies":{"post_tag":""},"acf_fields":[],"readTime":{"min":0,"sec":7},"status":"publish","excerpt":""},{"id":"64521","price":"","sale":"","sale_percent":"","link":"https:\/\/wisla.skoczow.pl\/?p=64521","name":"zakonczenie-sezonu-2025-2026-kks-wisla-skoczow","thumbnail":{"url":"https:\/\/wisla.skoczow.pl\/wp-content\/uploads\/2026\/07\/WhatsApp-Image-2026-07-05-at-12.41.19-3.jpeg","alt":""},"title":"Zako\u0144czenie sezonu 2025\/2026 KKS Wis\u0142a Skocz\u00f3w","author":{"name":"admin","link":"https:\/\/wisla.skoczow.pl\/?author=1"},"date":"lip 5, 2026","dateGMT":"2026-07-05 11:17:35","modifiedDate":"2026-07-05 12:17:35","modifiedDateGMT":"2026-07-05 11:17:35","commentCount":"0","commentStatus":"closed","categories":{"coma":"<a href=\"https:\/\/wisla.skoczow.pl\/?cat=4\" rel=\"category\">Aktualno\u015bci<\/a>, <a href=\"https:\/\/wisla.skoczow.pl\/?cat=55\" rel=\"category\">Pi\u0142karki<\/a>","space":"<a href=\"https:\/\/wisla.skoczow.pl\/?cat=4\" rel=\"category\">Aktualno\u015bci<\/a> <a href=\"https:\/\/wisla.skoczow.pl\/?cat=55\" rel=\"category\">Pi\u0142karki<\/a>"},"taxonomies":{"post_tag":""},"acf_fields":[],"readTime":{"min":1,"sec":20},"status":"publish","excerpt":""},{"id":"63978","price":"","sale":"","sale_percent":"","link":"https:\/\/wisla.skoczow.pl\/?p=63978","name":"puchar-kaplicowki-2026","thumbnail":{"url":"https:\/\/wisla.skoczow.pl\/wp-content\/uploads\/2026\/06\/WhatsApp-Image-2026-06-23-at-23.14.19-1.jpeg","alt":""},"title":"PUCHAR KAPLIC\u00d3WKI 2026","author":{"name":"admin","link":"https:\/\/wisla.skoczow.pl\/?author=1"},"date":"cze 22, 2026","dateGMT":"2026-06-22 21:18:41","modifiedDate":"2026-06-23 23:31:45","modifiedDateGMT":"2026-06-23 22:31:45","commentCount":"0","commentStatus":"closed","categories":{"coma":"<a href=\"https:\/\/wisla.skoczow.pl\/?cat=4\" rel=\"category\">Aktualno\u015bci<\/a>, <a href=\"https:\/\/wisla.skoczow.pl\/?cat=55\" rel=\"category\">Pi\u0142karki<\/a>","space":"<a href=\"https:\/\/wisla.skoczow.pl\/?cat=4\" rel=\"category\">Aktualno\u015bci<\/a> <a href=\"https:\/\/wisla.skoczow.pl\/?cat=55\" rel=\"category\">Pi\u0142karki<\/a>"},"taxonomies":{"post_tag":""},"acf_fields":[],"readTime":{"min":2,"sec":24},"status":"publish","excerpt":""},{"id":"63954","price":"","sale":"","sale_percent":"","link":"https:\/\/wisla.skoczow.pl\/?p=63954","name":"mlodziczki-u13-zwyciestwo-na-zakonczenie-sezonu","thumbnail":{"url":"https:\/\/wisla.skoczow.pl\/wp-content\/uploads\/2026\/06\/WhatsApp-Image-2026-06-14-at-21.23.56.jpeg","alt":""},"title":"M\u0142odziczki U13 - Zwyci\u0119stwo na zako\u0144czenie sezonu!","author":{"name":"admin","link":"https:\/\/wisla.skoczow.pl\/?author=1"},"date":"cze 14, 2026","dateGMT":"2026-06-14 19:29:52","modifiedDate":"2026-06-14 20:29:52","modifiedDateGMT":"2026-06-14 19:29:52","commentCount":"0","commentStatus":"closed","categories":{"coma":"<a href=\"https:\/\/wisla.skoczow.pl\/?cat=4\" rel=\"category\">Aktualno\u015bci<\/a>, <a href=\"https:\/\/wisla.skoczow.pl\/?cat=55\" rel=\"category\">Pi\u0142karki<\/a>","space":"<a href=\"https:\/\/wisla.skoczow.pl\/?cat=4\" rel=\"category\">Aktualno\u015bci<\/a> <a href=\"https:\/\/wisla.skoczow.pl\/?cat=55\" rel=\"category\">Pi\u0142karki<\/a>"},"taxonomies":{"post_tag":""},"acf_fields":[],"readTime":{"min":1,"sec":26},"status":"publish","excerpt":""},{"id":"63965","price":"","sale":"","sale_percent":"","link":"https:\/\/wisla.skoczow.pl\/?p=63965","name":"juniorki-mlodsze-u16-piekne-zakonczenie-dlugiego-sezonu","thumbnail":{"url":"https:\/\/wisla.skoczow.pl\/wp-content\/uploads\/2026\/06\/723931341_1629236869206840_7626804014888644994_n.jpg","alt":""},"title":"Juniorki M\u0142odsze U16 - Pi\u0119kne zako\u0144czenie d\u0142ugiego sezonu!","author":{"name":"admin","link":"https:\/\/wisla.skoczow.pl\/?author=1"},"date":"cze 13, 2026","dateGMT":"2026-06-13 19:34:18","modifiedDate":"2026-06-14 20:35:35","modifiedDateGMT":"2026-06-14 19:35:35","commentCount":"0","commentStatus":"closed","categories":{"coma":"<a href=\"https:\/\/wisla.skoczow.pl\/?cat=54\" rel=\"category\">Badminton<\/a>, <a href=\"https:\/\/wisla.skoczow.pl\/?cat=55\" rel=\"category\">Pi\u0142karki<\/a>","space":"<a href=\"https:\/\/wisla.skoczow.pl\/?cat=54\" rel=\"category\">Badminton<\/a> <a href=\"https:\/\/wisla.skoczow.pl\/?cat=55\" rel=\"category\">Pi\u0142karki<\/a>"},"taxonomies":{"post_tag":""},"acf_fields":[],"readTime":{"min":1,"sec":6},"status":"publish","excerpt":""},{"id":"63908","price":"","sale":"","sale_percent":"","link":"https:\/\/wisla.skoczow.pl\/?p=63908","name":"13-14-06-2026","thumbnail":{"url":"https:\/\/wisla.skoczow.pl\/wp-content\/uploads\/2026\/03\/SLASKA-LIGA-scaled.png","alt":""},"title":"13-14.06.2026","author":{"name":"admin","link":"https:\/\/wisla.skoczow.pl\/?author=1"},"date":"cze 12, 2026","dateGMT":"2026-06-12 14:14:33","modifiedDate":"2026-06-12 15:14:33","modifiedDateGMT":"2026-06-12 14:14:33","commentCount":"0","commentStatus":"closed","categories":{"coma":"<a href=\"https:\/\/wisla.skoczow.pl\/?cat=4\" rel=\"category\">Aktualno\u015bci<\/a>, <a href=\"https:\/\/wisla.skoczow.pl\/?cat=55\" rel=\"category\">Pi\u0142karki<\/a>","space":"<a href=\"https:\/\/wisla.skoczow.pl\/?cat=4\" rel=\"category\">Aktualno\u015bci<\/a> <a href=\"https:\/\/wisla.skoczow.pl\/?cat=55\" rel=\"category\">Pi\u0142karki<\/a>"},"taxonomies":{"post_tag":""},"acf_fields":[],"readTime":{"min":0,"sec":7},"status":"publish","excerpt":""}]

